{"id":11545,"date":"2025-09-25T12:31:23","date_gmt":"2025-09-25T10:31:23","guid":{"rendered":"https:\/\/drap-art.org\/?p=11545"},"modified":"2025-09-29T10:50:19","modified_gmt":"2025-09-29T08:50:19","slug":"tardor-dart-2025-in-formentera","status":"publish","type":"post","link":"https:\/\/drap-art.org\/en\/news\/tardor-dart-2025-in-formentera\/","title":{"rendered":"Tardor d\u2019Art 2025 in Formentera"},"content":{"rendered":"<p data-start=\"3907\" data-end=\"4178\">From <strong data-start=\"3912\" data-end=\"3931\">October 2 to 11<\/strong>, Formentera will host the <strong data-start=\"3958\" data-end=\"3992\">fourth edition of Tardor d\u2019Art<\/strong>, a cultural event bringing together local and international artists at the <strong data-start=\"4068\" data-end=\"4105\">\u201cAjuntament Vell\u201d Exhibition Hall<\/strong>, the <strong data-start=\"4111\" data-end=\"4144\">Centre Antoni Tur \u201cGabrielet\u201d<\/strong>, and the <strong data-start=\"4154\" data-end=\"4175\">Jard\u00ed de Ses Eres<\/strong>.<\/p>\n<p data-start=\"4180\" data-end=\"4537\">The program includes <strong data-start=\"4201\" data-end=\"4279\">exhibitions, public space interventions, and activities open to the public<\/strong>, with the aim of turning the island into a space for dialogue and artistic reflection. In a time marked by global challenges such as tourist saturation and the climate crisis, Tardor d\u2019Art advocates for art as a driver of debate and social transformation.<\/p>\n<h3 data-start=\"4539\" data-end=\"4556\">Exhibitions<\/h3>\n<p data-start=\"4558\" data-end=\"5043\">At the <strong data-start=\"4565\" data-end=\"4598\">Centre Antoni Tur \u201cGabrielet\u201d<\/strong> (October 2\u201311), visitors will see works by <strong data-start=\"4642\" data-end=\"4965\">Pedro Asensio, Marco Cecioni, Mar\u00eda Lagrange, Angelica Markston, Juan Moreno, Consuelo Bautista, Adriana Cerecero, M. Ant\u00f2nia Ferragut, Aur\u00e8lia Jaubert, Jacobo J\u00f6rgensen, Josejo, Cristian Lanfranchi, David S. Le\u00f3n, Brenda Novak, Juan Antonio Pardos Vidal \u201cChano\u201d, Manuel Persa &#8211; Arbio Art, Lisa Rubin, and Xavier Theros<\/strong>. The exhibition will also feature a tribute <strong data-start=\"5010\" data-end=\"5040\">In Memoriam to C\u00e9sar Ordas<\/strong>.<\/p>\n<p data-start=\"5045\" data-end=\"5178\">At the <strong data-start=\"5052\" data-end=\"5089\">\u201cAjuntament Vell\u201d Exhibition Hall<\/strong> (October 6\u201311), the featured artists will be <strong data-start=\"5135\" data-end=\"5153\">Wolfgang Mally<\/strong> and <strong data-start=\"5158\" data-end=\"5175\">Helena Belzer<\/strong>.<\/p>\n<h3 data-start=\"5180\" data-end=\"5214\">Interventions and activities<\/h3>\n<p data-start=\"5216\" data-end=\"5348\">The <strong data-start=\"5220\" data-end=\"5241\">Jard\u00ed de ses Eres<\/strong> will host installations by <strong data-start=\"5269\" data-end=\"5286\">Rafael Amor\u00f2s<\/strong> (October 2\u201311) and <strong data-start=\"5306\" data-end=\"5330\">Christian Guggenbuhl<\/strong> (October 6\u201311).<\/p>\n<p data-start=\"5350\" data-end=\"5468\">The activities program includes openings, screenings, roundtables, workshops, performances, markets, and live music:<\/p>\n<ul data-start=\"5470\" data-end=\"7187\">\n<li data-start=\"5470\" data-end=\"5593\">\n<p data-start=\"5472\" data-end=\"5593\"><strong data-start=\"5472\" data-end=\"5485\">October 2<\/strong>: Opening at the Centre Antoni Tur \u201cGabrielet\u201d (8 pm) and performance by the music group <strong data-start=\"5574\" data-end=\"5583\">Virot<\/strong> (9 pm).<\/p>\n<\/li>\n<li data-start=\"5594\" data-end=\"5805\">\n<p data-start=\"5596\" data-end=\"5805\"><strong data-start=\"5596\" data-end=\"5609\">October 4<\/strong>: <strong data-start=\"5611\" data-end=\"5650\">Second-hand market &amp; special guests<\/strong> at Jard\u00ed de Ses Eres (11 am\u20132 pm). <strong data-start=\"5686\" data-end=\"5723\">Screenings at the Sala de Cultura<\/strong>: Hektor-NGC (Wolfgang Mally, 2016) and Le Corps Abym\u00e9 (Boris Lehman, 2024).<\/p>\n<\/li>\n<li data-start=\"5806\" data-end=\"6038\">\n<p data-start=\"5808\" data-end=\"6038\"><strong data-start=\"5808\" data-end=\"5821\">October 6<\/strong>: Opening at the \u201cAjuntament Vell\u201d Exhibition Hall (8 pm), <strong data-start=\"5880\" data-end=\"5905\">inaugural performance<\/strong> Cuerpo Arquitect\u00f3nico, testigas del tiempo by <strong data-start=\"5954\" data-end=\"5983\">Diana Flor &amp; Brisa Marina<\/strong> (9 pm, Jard\u00ed de ses Eres), and vernissage (9:15 pm).<\/p>\n<\/li>\n<li data-start=\"6039\" data-end=\"6484\">\n<p data-start=\"6041\" data-end=\"6484\"><strong data-start=\"6041\" data-end=\"6054\">October 7<\/strong>: <strong data-start=\"6056\" data-end=\"6095\">Second-hand market &amp; special guests<\/strong> at Jard\u00ed de Ses Eres (11 am\u20132 pm). <strong data-start=\"6131\" data-end=\"6145\">Roundtable<\/strong> on the state of Catalan culture and the Balearic Islands with <strong data-start=\"6208\" data-end=\"6223\">Joan Abell\u00f3<\/strong> (Reial Cercle Art\u00edstic de Barcelona), <strong data-start=\"6262\" data-end=\"6279\">Teresa Ferrer<\/strong> (OCBF), <strong data-start=\"6288\" data-end=\"6303\">Pedro Vidal<\/strong> (Secretary of Culture and Sports of the Balearic Government), <strong data-start=\"6366\" data-end=\"6381\">Laura Trigo<\/strong> (La Plural), <strong data-start=\"6395\" data-end=\"6410\">Tanja Grass<\/strong> (curator of Tardor d\u2019Art), and other speakers to be confirmed (6\u20138 pm).<\/p>\n<\/li>\n<li data-start=\"6485\" data-end=\"6696\">\n<p data-start=\"6487\" data-end=\"6696\"><strong data-start=\"6487\" data-end=\"6500\">October 9<\/strong>: <strong data-start=\"6502\" data-end=\"6535\">Artistic co-creation workshop<\/strong> with <strong data-start=\"6541\" data-end=\"6553\">Eli Gras<\/strong> at Jard\u00ed de ses Eres (12\u20132 pm and 3\u20137 pm). In the evening, <strong data-start=\"6613\" data-end=\"6628\">Jam Session<\/strong> with <strong data-start=\"6634\" data-end=\"6645\">Krishna<\/strong>, <strong data-start=\"6647\" data-end=\"6659\">Eli Gras<\/strong>, and workshop participants (8 pm).<\/p>\n<\/li>\n<li data-start=\"6697\" data-end=\"7064\">\n<p data-start=\"6699\" data-end=\"7064\"><strong data-start=\"6699\" data-end=\"6713\">October 10<\/strong>: Presentation and screening of the projects A los Invisibles by <strong data-start=\"6780\" data-end=\"6801\">Consuelo Bautista<\/strong>, The film Quan ens trobem created by a group of young people from diverse backgrounds, presented by <strong>Agn\u00e8s Sebasti\u00e0<\/strong> (Cinema en curs \u2013 <strong>A Bao A Qu<\/strong>).\u00a0and L\u00ednea Sur by <strong data-start=\"6876\" data-end=\"6900\">Juan Gonzalez Forn\u00e9s<\/strong> as part of the cycle <strong data-start=\"6922\" data-end=\"6960\">La gent es mou: Art and migrations<\/strong> (12\u20132 pm). In the afternoon, <strong data-start=\"6990\" data-end=\"7029\">photography interpretation workshop<\/strong> with Consuelo Bautista (4\u20136 pm).<\/p>\n<\/li>\n<li data-start=\"7065\" data-end=\"7187\">\n<p data-start=\"7067\" data-end=\"7187\"><strong data-start=\"7067\" data-end=\"7081\">October 11<\/strong>: <strong data-start=\"7083\" data-end=\"7100\">Closing event<\/strong> with participating artists and <strong data-start=\"7132\" data-end=\"7146\">DJ Cherman<\/strong> from the Drap-Art Sound System (6 pm).<\/p>\n<\/li>\n<\/ul>\n<h3 data-start=\"7189\" data-end=\"7211\">OFF Tardor d\u2019Art<\/h3>\n<p data-start=\"7213\" data-end=\"7391\"><strong data-start=\"7213\" data-end=\"7262\">Exhibition at Galeria Pin Por Madera Perpetua<\/strong> (October 7 \u2013 November 10), curated by <strong data-start=\"7301\" data-end=\"7317\">Pamela Spitz<\/strong> with <strong data-start=\"7323\" data-end=\"7388\">Pep Mart\u00ed, Mariano Mayans, Nadja Ferch, and Olivier Tardiveau<\/strong>.<\/p>\n<p data-start=\"7393\" data-end=\"7568\"><strong data-start=\"7393\" data-end=\"7407\">October 11<\/strong>: <strong data-start=\"7409\" data-end=\"7460\">Coffee to celebrate the 3rd European Museum Day<\/strong> followed by a guided tour of <strong data-start=\"7490\" data-end=\"7510\">Miquel Barcel\u00f3\u2019s<\/strong> exhibition at the MACE in Ibiza, led by <strong data-start=\"7551\" data-end=\"7565\">Elena Ruiz<\/strong>.<\/p>\n","protected":false},"excerpt":{"rendered":"<p>From October 2 to 11, Formentera will host the fourth edition of Tardor d\u2019Art, a cultural event bringing together local and international artists at the \u201cAjuntament Vell\u201d Exhibition Hall, the [&hellip;]<\/p>\n","protected":false},"author":6,"featured_media":11559,"comment_status":"closed","ping_status":"closed","sticky":false,"template":"","format":"standard","meta":{"footnotes":""},"categories":[149],"tags":[],"class_list":["post-11545","post","type-post","status-publish","format-standard","has-post-thumbnail","hentry","category-news"],"acf":[],"yoast_head":"<!-- This site is optimized with the Yoast SEO plugin v27.4 - https:\/\/yoast.com\/product\/yoast-seo-wordpress\/ -->\n<title>Tardor d\u2019Art 2025 in Formentera - Drap-Art<\/title>\n<meta name=\"robots\" content=\"index, follow, max-snippet:-1, max-image-preview:large, max-video-preview:-1\" \/>\n<link rel=\"canonical\" href=\"https:\/\/drap-art.org\/en\/news\/tardor-dart-2025-in-formentera\/\" \/>\n<meta name=\"twitter:label1\" content=\"Written by\" \/>\n\t<meta name=\"twitter:data1\" content=\"Saba\" \/>\n\t<meta name=\"twitter:label2\" content=\"Est. reading time\" \/>\n\t<meta name=\"twitter:data2\" content=\"3 minutes\" \/>\n<!-- \/ Yoast SEO plugin. -->","yoast_head_json":{"title":"Tardor d\u2019Art 2025 in Formentera - Drap-Art","robots":{"index":"index","follow":"follow","max-snippet":"max-snippet:-1","max-image-preview":"max-image-preview:large","max-video-preview":"max-video-preview:-1"},"canonical":"https:\/\/drap-art.org\/en\/news\/tardor-dart-2025-in-formentera\/","twitter_misc":{"Written by":"Saba","Est. reading time":"3 minutes"},"schema":{"@context":"https:\/\/schema.org","@graph":[{"@type":"Article","@id":"https:\/\/drap-art.org\/en\/news\/tardor-dart-2025-in-formentera\/#article","isPartOf":{"@id":"https:\/\/drap-art.org\/en\/news\/tardor-dart-2025-in-formentera\/"},"author":{"name":"Saba","@id":"https:\/\/drap-art.org\/#\/schema\/person\/a4e8c5a59496743d14143b477c922b84"},"headline":"Tardor d\u2019Art 2025 in Formentera","datePublished":"2025-09-25T10:31:23+00:00","dateModified":"2025-09-29T08:50:19+00:00","mainEntityOfPage":{"@id":"https:\/\/drap-art.org\/en\/news\/tardor-dart-2025-in-formentera\/"},"wordCount":537,"publisher":{"@id":"https:\/\/drap-art.org\/#organization"},"image":{"@id":"https:\/\/drap-art.org\/en\/news\/tardor-dart-2025-in-formentera\/#primaryimage"},"thumbnailUrl":"https:\/\/drap-art.org\/wp-content\/uploads\/2025\/09\/TA2025_CARTELL-1-e1758796512550.jpg","articleSection":["News"],"inLanguage":"en-US"},{"@type":"WebPage","@id":"https:\/\/drap-art.org\/en\/news\/tardor-dart-2025-in-formentera\/","url":"https:\/\/drap-art.org\/en\/news\/tardor-dart-2025-in-formentera\/","name":"Tardor d\u2019Art 2025 in Formentera - Drap-Art","isPartOf":{"@id":"https:\/\/drap-art.org\/#website"},"primaryImageOfPage":{"@id":"https:\/\/drap-art.org\/en\/news\/tardor-dart-2025-in-formentera\/#primaryimage"},"image":{"@id":"https:\/\/drap-art.org\/en\/news\/tardor-dart-2025-in-formentera\/#primaryimage"},"thumbnailUrl":"https:\/\/drap-art.org\/wp-content\/uploads\/2025\/09\/TA2025_CARTELL-1-e1758796512550.jpg","datePublished":"2025-09-25T10:31:23+00:00","dateModified":"2025-09-29T08:50:19+00:00","breadcrumb":{"@id":"https:\/\/drap-art.org\/en\/news\/tardor-dart-2025-in-formentera\/#breadcrumb"},"inLanguage":"en-US","potentialAction":[{"@type":"ReadAction","target":["https:\/\/drap-art.org\/en\/news\/tardor-dart-2025-in-formentera\/"]}]},{"@type":"ImageObject","inLanguage":"en-US","@id":"https:\/\/drap-art.org\/en\/news\/tardor-dart-2025-in-formentera\/#primaryimage","url":"https:\/\/drap-art.org\/wp-content\/uploads\/2025\/09\/TA2025_CARTELL-1-e1758796512550.jpg","contentUrl":"https:\/\/drap-art.org\/wp-content\/uploads\/2025\/09\/TA2025_CARTELL-1-e1758796512550.jpg","width":3508,"height":4961},{"@type":"BreadcrumbList","@id":"https:\/\/drap-art.org\/en\/news\/tardor-dart-2025-in-formentera\/#breadcrumb","itemListElement":[{"@type":"ListItem","position":1,"name":"Home","item":"https:\/\/drap-art.org\/es\/"},{"@type":"ListItem","position":2,"name":"Tardor d\u2019Art 2025 in Formentera"}]},{"@type":"WebSite","@id":"https:\/\/drap-art.org\/#website","url":"https:\/\/drap-art.org\/","name":"Drap-Art","description":"Festival Internacional de Arte y Sostenibilidad","publisher":{"@id":"https:\/\/drap-art.org\/#organization"},"potentialAction":[{"@type":"SearchAction","target":{"@type":"EntryPoint","urlTemplate":"https:\/\/drap-art.org\/?s={search_term_string}"},"query-input":{"@type":"PropertyValueSpecification","valueRequired":true,"valueName":"search_term_string"}}],"inLanguage":"en-US"},{"@type":"Organization","@id":"https:\/\/drap-art.org\/#organization","name":"Associaci\u00f3 Drap-Art","url":"https:\/\/drap-art.org\/","logo":{"@type":"ImageObject","inLanguage":"en-US","@id":"https:\/\/drap-art.org\/#\/schema\/logo\/image\/","url":"https:\/\/drap-art.org\/wp-content\/uploads\/2024\/10\/logo-drapart-24.png","contentUrl":"https:\/\/drap-art.org\/wp-content\/uploads\/2024\/10\/logo-drapart-24.png","width":2157,"height":1929,"caption":"Associaci\u00f3 Drap-Art"},"image":{"@id":"https:\/\/drap-art.org\/#\/schema\/logo\/image\/"},"sameAs":["https:\/\/www.facebook.com\/drapart\/","https:\/\/x.com\/DrapArt","https:\/\/www.instagram.com\/drapart_org\/","https:\/\/www.youtube.com\/channel\/UC_FGj-k0m_HgMv_aYSN5_4Q"]},{"@type":"Person","@id":"https:\/\/drap-art.org\/#\/schema\/person\/a4e8c5a59496743d14143b477c922b84","name":"Saba","image":{"@type":"ImageObject","inLanguage":"en-US","@id":"https:\/\/secure.gravatar.com\/avatar\/b707dfce834a8839459e88698aa16095bf92284e349d57a96377d03ca1876104?s=96&d=mm&r=g","url":"https:\/\/secure.gravatar.com\/avatar\/b707dfce834a8839459e88698aa16095bf92284e349d57a96377d03ca1876104?s=96&d=mm&r=g","contentUrl":"https:\/\/secure.gravatar.com\/avatar\/b707dfce834a8839459e88698aa16095bf92284e349d57a96377d03ca1876104?s=96&d=mm&r=g","caption":"Saba"},"url":"https:\/\/drap-art.org\/en\/author\/saba\/"}]}},"_links":{"self":[{"href":"https:\/\/drap-art.org\/en\/wp-json\/wp\/v2\/posts\/11545","targetHints":{"allow":["GET"]}}],"collection":[{"href":"https:\/\/drap-art.org\/en\/wp-json\/wp\/v2\/posts"}],"about":[{"href":"https:\/\/drap-art.org\/en\/wp-json\/wp\/v2\/types\/post"}],"author":[{"embeddable":true,"href":"https:\/\/drap-art.org\/en\/wp-json\/wp\/v2\/users\/6"}],"replies":[{"embeddable":true,"href":"https:\/\/drap-art.org\/en\/wp-json\/wp\/v2\/comments?post=11545"}],"version-history":[{"count":3,"href":"https:\/\/drap-art.org\/en\/wp-json\/wp\/v2\/posts\/11545\/revisions"}],"predecessor-version":[{"id":11587,"href":"https:\/\/drap-art.org\/en\/wp-json\/wp\/v2\/posts\/11545\/revisions\/11587"}],"wp:featuredmedia":[{"embeddable":true,"href":"https:\/\/drap-art.org\/en\/wp-json\/wp\/v2\/media\/11559"}],"wp:attachment":[{"href":"https:\/\/drap-art.org\/en\/wp-json\/wp\/v2\/media?parent=11545"}],"wp:term":[{"taxonomy":"category","embeddable":true,"href":"https:\/\/drap-art.org\/en\/wp-json\/wp\/v2\/categories?post=11545"},{"taxonomy":"post_tag","embeddable":true,"href":"https:\/\/drap-art.org\/en\/wp-json\/wp\/v2\/tags?post=11545"}],"curies":[{"name":"wp","href":"https:\/\/api.w.org\/{rel}","templated":true}]}}