{"id":5983,"date":"2022-02-08T00:00:33","date_gmt":"2022-02-07T22:00:33","guid":{"rendered":"https:\/\/drap-art.org\/uncategorized\/primeres-activitats-del-2022\/"},"modified":"2022-02-08T00:00:33","modified_gmt":"2022-02-07T22:00:33","slug":"primeres-activitats-del-2022","status":"publish","type":"post","link":"https:\/\/drap-art.org\/en\/news\/primeres-activitats-del-2022\/","title":{"rendered":"Primeres Activitats del 2022"},"content":{"rendered":"<p><strong>Participa en el Mercat Drap-Art de la pla\u00e7a Reial!<\/strong><br \/>\nAl mar\u00e7 tornen els dissabtes a la pla\u00e7a Reial amb la nova temporada del Drap-Art Market.<\/p>\n<p>Si t\u2019agradaria exposar el teu art, peces de disseny, artesania o manualitats encara queden places. Si vols saber-ne m\u00e9s, contacta amb nosaltres a mercat@drap-art.org<\/p>\n<p><img loading=\"lazy\" decoding=\"async\" class=\"alignnone size-medium wp-image-933\" src=\"https:\/\/drap-art.org\/wp-content\/uploads\/2024\/06\/678e273e-07c0-7b0f-0b13-2b9866fa8345-300x169-1.jpg\" alt=\"\" width=\"300\" height=\"169\" \/><\/p>\n<p>Mercat Drap-Art a la pla\u00e7a Reial 2021<\/p>\n<p><strong>Re-utilitzar, Re-imaginar, Re-ciclar, Re-petir: Portem retornada el premi Upcycling!<\/strong><\/p>\n<p>Estem molt il\u00b7lusionades amb els projectes que estem desenvolupant i poder compartir-los amb vosaltres properament. Per comen\u00e7ar, aquest any repetim el premi Upcycling, amb la intenci\u00f3 de col\u00b7laborar amb comer\u00e7os locals i reflexionar sobre l\u2019\u00fas dels objectes quotidians a trav\u00e9s de la lent de la creativitat, connectant amb la xarxa local d\u2019entitats i persones que ens envolten al barri G\u00f2tic, i convidar-te a participar-hi. Per m\u00e9s informaci\u00f3 i el formulari d\u2019inscripci\u00f3 fes click aqu\u00ed!<\/p>\n<p><img loading=\"lazy\" decoding=\"async\" class=\"alignnone size-medium wp-image-930\" src=\"https:\/\/drap-art.org\/wp-content\/uploads\/2024\/06\/IMG_8881-3-150x150-1.jpg\" alt=\"\" width=\"150\" height=\"150\" srcset=\"https:\/\/drap-art.org\/wp-content\/uploads\/2024\/06\/IMG_8881-3-150x150-1.jpg 150w, https:\/\/drap-art.org\/wp-content\/uploads\/2024\/06\/IMG_8881-3-150x150-1-100x100.jpg 100w\" sizes=\"(max-width: 150px) 100vw, 150px\" \/><br \/>\nObra de Yoshi Suzuki 2020<\/p>\n<p><strong>Drap-Art participa a Cuidem Barcelona<\/strong><\/p>\n<p>A les festivitats de la presentaci\u00f3 del nou projecte de gesti\u00f3 de residus de l\u2019Ajuntament de Barcelona els dies 19 i 20 de febrer estarem al Passeig Llu\u00eds Companys a prop de l\u2019Arc de Triomf de Barcelona amb el taller participatiu La Ciutat Sostenible. El dissabte estarem de 11 a 18h i el diumenge de 11 a 15h.Vine i ajuda\u2019ns a construir la ciutat que volem entre tots!<\/p>\n<p>Troba m\u00e9s informaci\u00f3 als seg\u00fcents links<\/p>\n<p><a href=\"https:\/\/x.com\/BCN_EspaiPublic\/status\/1492164415810158600?t=WYYIy9xRz3fpsXQV7A4_7w&amp;mx=2\">https:\/\/x.com\/BCN_EspaiPublic\/status\/1492164415810158600?t=WYYIy9xRz3fpsXQV7A4_7w&amp;mx=2<\/a><\/p>\n<p><a href=\"https:\/\/ajuntament.barcelona.cat\/neteja-i-residus\/ca\/actualitat-i-recursos\/actualitat\/vine-a-la-jornada-ciutadana-cuidem-barcelona-1144657\">https:\/\/ajuntament.barcelona.cat\/neteja-i-residus\/ca\/actualitat-i-recursos\/actualitat\/vine-a-la-jornada-ciutadana-cuidem-barcelona-1144657<\/a><\/p>\n<p><img loading=\"lazy\" decoding=\"async\" class=\"alignnone size-full wp-image-927\" src=\"https:\/\/drap-art.org\/wp-content\/uploads\/2024\/06\/Taller-El-Niu-300x200-1.jpg\" alt=\"\" width=\"300\" height=\"200\" \/><br \/>\nEl Niu. Aproximac\u00f3 a l\u00b4espai natural.Taller UB. El Bors\u00ed. Barcelona<\/p>\n<p><strong>Drap-Art TV<\/strong><\/p>\n<p>Al nostre canal de Youtube trobar\u00e0s contingut sobre les edicions passades, not\u00edcies i molt m\u00e9s!<\/p>\n<p>Acabem d\u2019actualitzar-lo, afegint-hi el v\u00eddeo general de Drap-Art\u201921, un resum de les exposicions i activitats de les que vam gaudir al novembre i desembre al G\u00f2tic, a m\u00e9s de v\u00eddeos de les confer\u00e8ncies i screenings.<\/p>\n<p><iframe loading=\"lazy\" title=\"Drap-Art&#039;21 Al G\u00f2tic!\" width=\"500\" height=\"281\" src=\"https:\/\/www.youtube.com\/embed\/nD13BpPsoGM?feature=oembed\" frameborder=\"0\" allow=\"accelerometer; autoplay; clipboard-write; encrypted-media; gyroscope; picture-in-picture; web-share\" referrerpolicy=\"strict-origin-when-cross-origin\" allowfullscreen><\/iframe><\/p>\n","protected":false},"excerpt":{"rendered":"<p>Participa en el Mercat Drap-Art de la pla\u00e7a Reial! Al mar\u00e7 tornen els dissabtes a la pla\u00e7a Reial amb la nova temporada del Drap-Art Market. Si t\u2019agradaria exposar el teu [&hellip;]<\/p>\n","protected":false},"author":2,"featured_media":938,"comment_status":"open","ping_status":"closed","sticky":false,"template":"","format":"standard","meta":{"footnotes":""},"categories":[149],"tags":[],"class_list":["post-5983","post","type-post","status-publish","format-standard","has-post-thumbnail","hentry","category-news"],"acf":[],"yoast_head":"<!-- This site is optimized with the Yoast SEO plugin v27.4 - https:\/\/yoast.com\/product\/yoast-seo-wordpress\/ -->\n<title>Primeres Activitats del 2022 - Drap-Art<\/title>\n<meta name=\"robots\" content=\"index, follow, max-snippet:-1, max-image-preview:large, max-video-preview:-1\" \/>\n<link rel=\"canonical\" href=\"https:\/\/drap-art.org\/noticies\/primeres-activitats-del-2022\/\" \/>\n<meta name=\"twitter:label1\" content=\"Written by\" \/>\n\t<meta name=\"twitter:data1\" content=\"Drap-Art Office\" \/>\n\t<meta name=\"twitter:label2\" content=\"Est. reading time\" \/>\n\t<meta name=\"twitter:data2\" content=\"2 minutes\" \/>\n<!-- \/ Yoast SEO plugin. -->","yoast_head_json":{"title":"Primeres Activitats del 2022 - Drap-Art","robots":{"index":"index","follow":"follow","max-snippet":"max-snippet:-1","max-image-preview":"max-image-preview:large","max-video-preview":"max-video-preview:-1"},"canonical":"https:\/\/drap-art.org\/noticies\/primeres-activitats-del-2022\/","twitter_misc":{"Written by":"Drap-Art Office","Est. reading time":"2 minutes"},"schema":{"@context":"https:\/\/schema.org","@graph":[{"@type":"Article","@id":"https:\/\/drap-art.org\/noticies\/primeres-activitats-del-2022\/#article","isPartOf":{"@id":"https:\/\/drap-art.org\/noticies\/primeres-activitats-del-2022\/"},"author":{"name":"Drap-Art Office","@id":"https:\/\/drap-art.org\/#\/schema\/person\/b103fbd2618963d5f1fd4671396ad68e"},"headline":"Primeres Activitats del 2022","datePublished":"2022-02-07T22:00:33+00:00","mainEntityOfPage":{"@id":"https:\/\/drap-art.org\/noticies\/primeres-activitats-del-2022\/"},"wordCount":347,"commentCount":0,"publisher":{"@id":"https:\/\/drap-art.org\/#organization"},"image":{"@id":"https:\/\/drap-art.org\/noticies\/primeres-activitats-del-2022\/#primaryimage"},"thumbnailUrl":"https:\/\/drap-art.org\/wp-content\/uploads\/2022\/02\/2171bcce-fd60-4c82-babf-473d5ba46b23-1024x576-1.jpg","articleSection":["News"],"inLanguage":"en-US"},{"@type":"WebPage","@id":"https:\/\/drap-art.org\/noticies\/primeres-activitats-del-2022\/","url":"https:\/\/drap-art.org\/noticies\/primeres-activitats-del-2022\/","name":"Primeres Activitats del 2022 - Drap-Art","isPartOf":{"@id":"https:\/\/drap-art.org\/#website"},"primaryImageOfPage":{"@id":"https:\/\/drap-art.org\/noticies\/primeres-activitats-del-2022\/#primaryimage"},"image":{"@id":"https:\/\/drap-art.org\/noticies\/primeres-activitats-del-2022\/#primaryimage"},"thumbnailUrl":"https:\/\/drap-art.org\/wp-content\/uploads\/2022\/02\/2171bcce-fd60-4c82-babf-473d5ba46b23-1024x576-1.jpg","datePublished":"2022-02-07T22:00:33+00:00","breadcrumb":{"@id":"https:\/\/drap-art.org\/noticies\/primeres-activitats-del-2022\/#breadcrumb"},"inLanguage":"en-US","potentialAction":[{"@type":"ReadAction","target":["https:\/\/drap-art.org\/noticies\/primeres-activitats-del-2022\/"]}]},{"@type":"ImageObject","inLanguage":"en-US","@id":"https:\/\/drap-art.org\/noticies\/primeres-activitats-del-2022\/#primaryimage","url":"https:\/\/drap-art.org\/wp-content\/uploads\/2022\/02\/2171bcce-fd60-4c82-babf-473d5ba46b23-1024x576-1.jpg","contentUrl":"https:\/\/drap-art.org\/wp-content\/uploads\/2022\/02\/2171bcce-fd60-4c82-babf-473d5ba46b23-1024x576-1.jpg","width":1024,"height":576},{"@type":"BreadcrumbList","@id":"https:\/\/drap-art.org\/noticies\/primeres-activitats-del-2022\/#breadcrumb","itemListElement":[{"@type":"ListItem","position":1,"name":"Home","item":"https:\/\/drap-art.org\/es\/"},{"@type":"ListItem","position":2,"name":"Primeres Activitats del 2022"}]},{"@type":"WebSite","@id":"https:\/\/drap-art.org\/#website","url":"https:\/\/drap-art.org\/","name":"Drap-Art","description":"Festival Internacional de Arte y Sostenibilidad","publisher":{"@id":"https:\/\/drap-art.org\/#organization"},"potentialAction":[{"@type":"SearchAction","target":{"@type":"EntryPoint","urlTemplate":"https:\/\/drap-art.org\/?s={search_term_string}"},"query-input":{"@type":"PropertyValueSpecification","valueRequired":true,"valueName":"search_term_string"}}],"inLanguage":"en-US"},{"@type":"Organization","@id":"https:\/\/drap-art.org\/#organization","name":"Associaci\u00f3 Drap-Art","url":"https:\/\/drap-art.org\/","logo":{"@type":"ImageObject","inLanguage":"en-US","@id":"https:\/\/drap-art.org\/#\/schema\/logo\/image\/","url":"https:\/\/drap-art.org\/wp-content\/uploads\/2024\/10\/logo-drapart-24.png","contentUrl":"https:\/\/drap-art.org\/wp-content\/uploads\/2024\/10\/logo-drapart-24.png","width":2157,"height":1929,"caption":"Associaci\u00f3 Drap-Art"},"image":{"@id":"https:\/\/drap-art.org\/#\/schema\/logo\/image\/"},"sameAs":["https:\/\/www.facebook.com\/drapart\/","https:\/\/x.com\/DrapArt","https:\/\/www.instagram.com\/drapart_org\/","https:\/\/www.youtube.com\/channel\/UC_FGj-k0m_HgMv_aYSN5_4Q"]},{"@type":"Person","@id":"https:\/\/drap-art.org\/#\/schema\/person\/b103fbd2618963d5f1fd4671396ad68e","name":"Drap-Art Office","image":{"@type":"ImageObject","inLanguage":"en-US","@id":"https:\/\/secure.gravatar.com\/avatar\/f159624b6773fd005fe165d548088d64163bc9414d85f0a3ce149e99ec1db47b?s=96&d=mm&r=g","url":"https:\/\/secure.gravatar.com\/avatar\/f159624b6773fd005fe165d548088d64163bc9414d85f0a3ce149e99ec1db47b?s=96&d=mm&r=g","contentUrl":"https:\/\/secure.gravatar.com\/avatar\/f159624b6773fd005fe165d548088d64163bc9414d85f0a3ce149e99ec1db47b?s=96&d=mm&r=g","caption":"Drap-Art Office"},"url":"https:\/\/drap-art.org\/en\/author\/office\/"}]}},"_links":{"self":[{"href":"https:\/\/drap-art.org\/en\/wp-json\/wp\/v2\/posts\/5983","targetHints":{"allow":["GET"]}}],"collection":[{"href":"https:\/\/drap-art.org\/en\/wp-json\/wp\/v2\/posts"}],"about":[{"href":"https:\/\/drap-art.org\/en\/wp-json\/wp\/v2\/types\/post"}],"author":[{"embeddable":true,"href":"https:\/\/drap-art.org\/en\/wp-json\/wp\/v2\/users\/2"}],"replies":[{"embeddable":true,"href":"https:\/\/drap-art.org\/en\/wp-json\/wp\/v2\/comments?post=5983"}],"version-history":[{"count":0,"href":"https:\/\/drap-art.org\/en\/wp-json\/wp\/v2\/posts\/5983\/revisions"}],"wp:featuredmedia":[{"embeddable":true,"href":"https:\/\/drap-art.org\/en\/wp-json\/wp\/v2\/media\/938"}],"wp:attachment":[{"href":"https:\/\/drap-art.org\/en\/wp-json\/wp\/v2\/media?parent=5983"}],"wp:term":[{"taxonomy":"category","embeddable":true,"href":"https:\/\/drap-art.org\/en\/wp-json\/wp\/v2\/categories?post=5983"},{"taxonomy":"post_tag","embeddable":true,"href":"https:\/\/drap-art.org\/en\/wp-json\/wp\/v2\/tags?post=5983"}],"curies":[{"name":"wp","href":"https:\/\/api.w.org\/{rel}","templated":true}]}}