{"id":11483,"date":"2025-09-16T12:33:12","date_gmt":"2025-09-16T10:33:12","guid":{"rendered":"https:\/\/drap-art.org\/?p=11483"},"modified":"2025-09-19T16:27:45","modified_gmt":"2025-09-19T14:27:45","slug":"fin-de-semana-de-clausura-en-sitges-reciclart","status":"publish","type":"post","link":"https:\/\/drap-art.org\/es\/noticias\/fin-de-semana-de-clausura-en-sitges-reciclart\/","title":{"rendered":"Fin de semana de clausura en Sitges ReciclArt"},"content":{"rendered":"<p data-start=\"69\" data-end=\"237\">Este fin de semana contin\u00faa la programaci\u00f3n del <strong data-start=\"117\" data-end=\"142\">Sitges ReciclArt 2025<\/strong> con propuestas para reflexionar, aprender y disfrutar a trav\u00e9s del arte y la sostenibilidad.<\/p>\n<p data-start=\"239\" data-end=\"487\"><strong data-start=\"239\" data-end=\"266\">Jueves 18 de septiembre<\/strong><br data-start=\"266\" data-end=\"269\" \/>18:00 h<br data-start=\"276\" data-end=\"279\" \/>Un mar de pl\u00e1sticos<br data-start=\"300\" data-end=\"303\" \/>Charla a cargo de Pau Aguil\u00f3 Bestard (Centre d\u2019Estudis del Mar), para entender el impacto de los pl\u00e1sticos en nuestro entorno marino.<br data-start=\"436\" data-end=\"439\" \/>Lugar: Auditorio del Miramar \u2013 Centre Cultural<\/p>\n<p data-start=\"489\" data-end=\"732\">19:00 h<br data-start=\"496\" data-end=\"499\" \/>Los pl\u00e1sticos, habitantes indeseados del mar<br data-start=\"545\" data-end=\"548\" \/>Conferencia de la Asociaci\u00f3n Cet\u00e0cea para descubrir c\u00f3mo los pl\u00e1sticos afectan a la fauna marina y qu\u00e9 podemos hacer para reducirlos.<br data-start=\"681\" data-end=\"684\" \/>Lugar: Auditorio del Miramar \u2013 Centre Cultural<\/p>\n<p data-start=\"734\" data-end=\"1147\"><strong data-start=\"734\" data-end=\"774\">Domingo 21 de septiembre<\/strong><br data-start=\"774\" data-end=\"777\" \/>10:00 a 14:00 h y 16:00 a 19:00 h<br data-start=\"810\" data-end=\"813\" \/>Clausura del Sitges ReciclArt con el Corpus org\u00e1nico de Bridepalla<br data-start=\"881\" data-end=\"884\" \/>Acci\u00f3n perform\u00e1tica procesual continuada en el Patio, con la creaci\u00f3n de una alfombra hecha a partir de excedentes de la gastronom\u00eda reutilizados como material art\u00edstico, poniendo en valor la riqueza de sus colores y texturas.<br data-start=\"1110\" data-end=\"1113\" \/>Lugar: Miramar \u2013 Centre Cultural<\/p>\n<p data-start=\"1149\" data-end=\"1228\">Todas las actividades son gratuitas y de entrada libre hasta completar aforo.<\/p>\n","protected":false},"excerpt":{"rendered":"<p>Este fin de semana contin\u00faa la programaci\u00f3n del Sitges ReciclArt 2025 con propuestas para reflexionar, aprender y disfrutar a trav\u00e9s del arte y la sostenibilidad. Jueves 18 de septiembre18:00 hUn [&hellip;]<\/p>\n","protected":false},"author":6,"featured_media":11492,"comment_status":"closed","ping_status":"closed","sticky":false,"template":"","format":"standard","meta":{"footnotes":""},"categories":[150],"tags":[],"class_list":["post-11483","post","type-post","status-publish","format-standard","has-post-thumbnail","hentry","category-noticias"],"acf":[],"yoast_head":"<!-- This site is optimized with the Yoast SEO plugin v27.4 - https:\/\/yoast.com\/product\/yoast-seo-wordpress\/ -->\n<title>Fin de semana de clausura en Sitges ReciclArt - Drap-Art<\/title>\n<meta name=\"robots\" content=\"index, follow, max-snippet:-1, max-image-preview:large, max-video-preview:-1\" \/>\n<link rel=\"canonical\" href=\"https:\/\/drap-art.org\/es\/noticias\/fin-de-semana-de-clausura-en-sitges-reciclart\/\" \/>\n<meta name=\"twitter:label1\" content=\"Escrito por\" \/>\n\t<meta name=\"twitter:data1\" content=\"Saba\" \/>\n\t<meta name=\"twitter:label2\" content=\"Tiempo de lectura\" \/>\n\t<meta name=\"twitter:data2\" content=\"1 minuto\" \/>\n<!-- \/ Yoast SEO plugin. -->","yoast_head_json":{"title":"Fin de semana de clausura en Sitges ReciclArt - Drap-Art","robots":{"index":"index","follow":"follow","max-snippet":"max-snippet:-1","max-image-preview":"max-image-preview:large","max-video-preview":"max-video-preview:-1"},"canonical":"https:\/\/drap-art.org\/es\/noticias\/fin-de-semana-de-clausura-en-sitges-reciclart\/","twitter_misc":{"Escrito por":"Saba","Tiempo de lectura":"1 minuto"},"schema":{"@context":"https:\/\/schema.org","@graph":[{"@type":"Article","@id":"https:\/\/drap-art.org\/es\/noticias\/fin-de-semana-de-clausura-en-sitges-reciclart\/#article","isPartOf":{"@id":"https:\/\/drap-art.org\/es\/noticias\/fin-de-semana-de-clausura-en-sitges-reciclart\/"},"author":{"name":"Saba","@id":"https:\/\/drap-art.org\/#\/schema\/person\/a4e8c5a59496743d14143b477c922b84"},"headline":"Fin de semana de clausura en Sitges ReciclArt","datePublished":"2025-09-16T10:33:12+00:00","dateModified":"2025-09-19T14:27:45+00:00","mainEntityOfPage":{"@id":"https:\/\/drap-art.org\/es\/noticias\/fin-de-semana-de-clausura-en-sitges-reciclart\/"},"wordCount":182,"publisher":{"@id":"https:\/\/drap-art.org\/#organization"},"image":{"@id":"https:\/\/drap-art.org\/es\/noticias\/fin-de-semana-de-clausura-en-sitges-reciclart\/#primaryimage"},"thumbnailUrl":"https:\/\/drap-art.org\/wp-content\/uploads\/2025\/09\/24-cb_OOA-GALLERY_ReciclArt-Sitges-2025_6475.jpg","articleSection":["Noticias"],"inLanguage":"es"},{"@type":"WebPage","@id":"https:\/\/drap-art.org\/es\/noticias\/fin-de-semana-de-clausura-en-sitges-reciclart\/","url":"https:\/\/drap-art.org\/es\/noticias\/fin-de-semana-de-clausura-en-sitges-reciclart\/","name":"Fin de semana de clausura en Sitges ReciclArt - Drap-Art","isPartOf":{"@id":"https:\/\/drap-art.org\/#website"},"primaryImageOfPage":{"@id":"https:\/\/drap-art.org\/es\/noticias\/fin-de-semana-de-clausura-en-sitges-reciclart\/#primaryimage"},"image":{"@id":"https:\/\/drap-art.org\/es\/noticias\/fin-de-semana-de-clausura-en-sitges-reciclart\/#primaryimage"},"thumbnailUrl":"https:\/\/drap-art.org\/wp-content\/uploads\/2025\/09\/24-cb_OOA-GALLERY_ReciclArt-Sitges-2025_6475.jpg","datePublished":"2025-09-16T10:33:12+00:00","dateModified":"2025-09-19T14:27:45+00:00","breadcrumb":{"@id":"https:\/\/drap-art.org\/es\/noticias\/fin-de-semana-de-clausura-en-sitges-reciclart\/#breadcrumb"},"inLanguage":"es","potentialAction":[{"@type":"ReadAction","target":["https:\/\/drap-art.org\/es\/noticias\/fin-de-semana-de-clausura-en-sitges-reciclart\/"]}]},{"@type":"ImageObject","inLanguage":"es","@id":"https:\/\/drap-art.org\/es\/noticias\/fin-de-semana-de-clausura-en-sitges-reciclart\/#primaryimage","url":"https:\/\/drap-art.org\/wp-content\/uploads\/2025\/09\/24-cb_OOA-GALLERY_ReciclArt-Sitges-2025_6475.jpg","contentUrl":"https:\/\/drap-art.org\/wp-content\/uploads\/2025\/09\/24-cb_OOA-GALLERY_ReciclArt-Sitges-2025_6475.jpg","width":1920,"height":1280},{"@type":"BreadcrumbList","@id":"https:\/\/drap-art.org\/es\/noticias\/fin-de-semana-de-clausura-en-sitges-reciclart\/#breadcrumb","itemListElement":[{"@type":"ListItem","position":1,"name":"Home","item":"https:\/\/drap-art.org\/es\/"},{"@type":"ListItem","position":2,"name":"Fin de semana de clausura en Sitges ReciclArt"}]},{"@type":"WebSite","@id":"https:\/\/drap-art.org\/#website","url":"https:\/\/drap-art.org\/","name":"Drap-Art","description":"Festival Internacional de Arte y Sostenibilidad","publisher":{"@id":"https:\/\/drap-art.org\/#organization"},"potentialAction":[{"@type":"SearchAction","target":{"@type":"EntryPoint","urlTemplate":"https:\/\/drap-art.org\/?s={search_term_string}"},"query-input":{"@type":"PropertyValueSpecification","valueRequired":true,"valueName":"search_term_string"}}],"inLanguage":"es"},{"@type":"Organization","@id":"https:\/\/drap-art.org\/#organization","name":"Associaci\u00f3 Drap-Art","url":"https:\/\/drap-art.org\/","logo":{"@type":"ImageObject","inLanguage":"es","@id":"https:\/\/drap-art.org\/#\/schema\/logo\/image\/","url":"https:\/\/drap-art.org\/wp-content\/uploads\/2024\/10\/logo-drapart-24.png","contentUrl":"https:\/\/drap-art.org\/wp-content\/uploads\/2024\/10\/logo-drapart-24.png","width":2157,"height":1929,"caption":"Associaci\u00f3 Drap-Art"},"image":{"@id":"https:\/\/drap-art.org\/#\/schema\/logo\/image\/"},"sameAs":["https:\/\/www.facebook.com\/drapart\/","https:\/\/x.com\/DrapArt","https:\/\/www.instagram.com\/drapart_org\/","https:\/\/www.youtube.com\/channel\/UC_FGj-k0m_HgMv_aYSN5_4Q"]},{"@type":"Person","@id":"https:\/\/drap-art.org\/#\/schema\/person\/a4e8c5a59496743d14143b477c922b84","name":"Saba","image":{"@type":"ImageObject","inLanguage":"es","@id":"https:\/\/secure.gravatar.com\/avatar\/b707dfce834a8839459e88698aa16095bf92284e349d57a96377d03ca1876104?s=96&d=mm&r=g","url":"https:\/\/secure.gravatar.com\/avatar\/b707dfce834a8839459e88698aa16095bf92284e349d57a96377d03ca1876104?s=96&d=mm&r=g","contentUrl":"https:\/\/secure.gravatar.com\/avatar\/b707dfce834a8839459e88698aa16095bf92284e349d57a96377d03ca1876104?s=96&d=mm&r=g","caption":"Saba"},"url":"https:\/\/drap-art.org\/es\/author\/saba\/"}]}},"_links":{"self":[{"href":"https:\/\/drap-art.org\/es\/wp-json\/wp\/v2\/posts\/11483","targetHints":{"allow":["GET"]}}],"collection":[{"href":"https:\/\/drap-art.org\/es\/wp-json\/wp\/v2\/posts"}],"about":[{"href":"https:\/\/drap-art.org\/es\/wp-json\/wp\/v2\/types\/post"}],"author":[{"embeddable":true,"href":"https:\/\/drap-art.org\/es\/wp-json\/wp\/v2\/users\/6"}],"replies":[{"embeddable":true,"href":"https:\/\/drap-art.org\/es\/wp-json\/wp\/v2\/comments?post=11483"}],"version-history":[{"count":3,"href":"https:\/\/drap-art.org\/es\/wp-json\/wp\/v2\/posts\/11483\/revisions"}],"predecessor-version":[{"id":11507,"href":"https:\/\/drap-art.org\/es\/wp-json\/wp\/v2\/posts\/11483\/revisions\/11507"}],"wp:featuredmedia":[{"embeddable":true,"href":"https:\/\/drap-art.org\/es\/wp-json\/wp\/v2\/media\/11492"}],"wp:attachment":[{"href":"https:\/\/drap-art.org\/es\/wp-json\/wp\/v2\/media?parent=11483"}],"wp:term":[{"taxonomy":"category","embeddable":true,"href":"https:\/\/drap-art.org\/es\/wp-json\/wp\/v2\/categories?post=11483"},{"taxonomy":"post_tag","embeddable":true,"href":"https:\/\/drap-art.org\/es\/wp-json\/wp\/v2\/tags?post=11483"}],"curies":[{"name":"wp","href":"https:\/\/api.w.org\/{rel}","templated":true}]}}