{"id":11546,"date":"2025-09-25T12:31:23","date_gmt":"2025-09-25T10:31:23","guid":{"rendered":"https:\/\/drap-art.org\/?p=11546"},"modified":"2025-09-29T10:51:02","modified_gmt":"2025-09-29T08:51:02","slug":"tardor-dart-2025-en-formentera","status":"publish","type":"post","link":"https:\/\/drap-art.org\/es\/noticias\/tardor-dart-2025-en-formentera\/","title":{"rendered":"Tardor d\u2019Art 2025 en Formentera"},"content":{"rendered":"<p data-start=\"170\" data-end=\"439\">Del <strong data-start=\"174\" data-end=\"196\">2 al 11 de octubre<\/strong>, Formentera acoger\u00e1 la <strong data-start=\"220\" data-end=\"254\">cuarta edici\u00f3n de Tardor d\u2019Art<\/strong>, una cita cultural que reunir\u00e1 a artistas locales e internacionales en la <strong data-start=\"329\" data-end=\"371\">Sala de Exposiciones \u201cAjuntament Vell\u201d<\/strong>, el <strong data-start=\"376\" data-end=\"409\">Centre Antoni Tur \u201cGabrielet\u201d<\/strong> y el <strong data-start=\"415\" data-end=\"436\">Jard\u00ed de Ses Eres<\/strong>.<\/p>\n<p data-start=\"441\" data-end=\"814\">El programa incluye <strong data-start=\"461\" data-end=\"554\">exposiciones, intervenciones en el espacio p\u00fablico y actividades abiertas a la ciudadan\u00eda<\/strong>, con el objetivo de convertir la isla en un espacio de di\u00e1logo y reflexi\u00f3n art\u00edstica. En un momento marcado por retos globales como la saturaci\u00f3n tur\u00edstica y la crisis clim\u00e1tica, Tardor d\u2019Art apuesta por el arte como motor de debate y transformaci\u00f3n social.<\/p>\n<h3 data-start=\"816\" data-end=\"834\">Exposiciones<\/h3>\n<p data-start=\"836\" data-end=\"1311\">En el <strong data-start=\"842\" data-end=\"875\">Centre Antoni Tur \u201cGabrielet\u201d<\/strong> (2\u201311 de octubre) se podr\u00e1n ver obras de <strong data-start=\"917\" data-end=\"1237\">Pedro Asensio, Marco Cecioni, Mar\u00eda Lagrange, Angelica Markston, Juan Moreno, Consuelo Bautista, Adriana Cerecero, M. Ant\u00f2nia Ferragut, Aur\u00e8lia Jaubert, Jacobo J\u00f6rgensen, Josejo, Cristian Lanfranchi, David S. Le\u00f3n, Brenda Novak, Juan Antonio Pardos Vidal \u201cChano\u201d, Manuel Persa &#8211; Arbio Art, Lisa Rubin y Xavier Theros<\/strong>. La muestra incluir\u00e1 tambi\u00e9n un homenaje <strong data-start=\"1279\" data-end=\"1308\">In Memoriam a C\u00e9sar Ordas<\/strong>.<\/p>\n<p data-start=\"1313\" data-end=\"1431\">En la <strong data-start=\"1319\" data-end=\"1361\">Sala de Exposiciones \u201cAjuntament Vell\u201d<\/strong> (6\u201311 de octubre) expondr\u00e1n <strong data-start=\"1390\" data-end=\"1408\">Wolfgang Mally<\/strong> y <strong data-start=\"1411\" data-end=\"1428\">Helena Belzer<\/strong>.<\/p>\n<h3 data-start=\"1433\" data-end=\"1467\">Intervenciones y actividades<\/h3>\n<p data-start=\"1469\" data-end=\"1606\">El <strong data-start=\"1472\" data-end=\"1493\">Jard\u00ed de ses Eres<\/strong> acoger\u00e1 las instalaciones de <strong data-start=\"1523\" data-end=\"1540\">Rafael Amor\u00f2s<\/strong> (2\u201311 de octubre) y <strong data-start=\"1561\" data-end=\"1585\">Christian Guggenbuhl<\/strong> (6\u201311 de octubre).<\/p>\n<p data-start=\"1608\" data-end=\"1748\">El programa de actividades incluye inauguraciones, proyecciones, mesas redondas, talleres, performances, mercados y actuaciones musicales:<\/p>\n<ul data-start=\"1750\" data-end=\"3491\">\n<li data-start=\"1750\" data-end=\"1875\">\n<p data-start=\"1752\" data-end=\"1875\"><strong data-start=\"1752\" data-end=\"1768\">2 de octubre<\/strong>: Inauguraci\u00f3n en el Centre Antoni Tur \u201cGabrielet\u201d (20 h) y actuaci\u00f3n del grupo musical <strong data-start=\"1856\" data-end=\"1865\">Virot<\/strong> (21 h).<\/p>\n<\/li>\n<li data-start=\"1876\" data-end=\"2094\">\n<p data-start=\"1878\" data-end=\"2094\"><strong data-start=\"1878\" data-end=\"1894\">4 de octubre<\/strong>: <strong data-start=\"1896\" data-end=\"1940\">Mercado de segunda mano &amp; special guests<\/strong> en el Jard\u00ed de Ses Eres (11\u201314 h). <strong data-start=\"1976\" data-end=\"2014\">Proyecciones en la Sala de Cultura<\/strong>: Hektor-NGC (Wolfgang Mally, 2016) y Le Corps Abym\u00e9 (Boris Lehman, 2024).<\/p>\n<\/li>\n<li data-start=\"2095\" data-end=\"2336\">\n<p data-start=\"2097\" data-end=\"2336\"><strong data-start=\"2097\" data-end=\"2113\">6 de octubre<\/strong>: Inauguraci\u00f3n en la Sala de Exposiciones \u201cAjuntament Vell\u201d (20 h), <strong data-start=\"2181\" data-end=\"2206\">performance inaugural<\/strong> Cuerpo Arquitect\u00f3nico, testigas del tiempo de <strong data-start=\"2255\" data-end=\"2284\">Diana Flor &amp; Brisa Marina<\/strong> (21 h, Jard\u00ed de ses Eres) y vernissage (21.15 h).<\/p>\n<\/li>\n<li data-start=\"2337\" data-end=\"2798\">\n<p data-start=\"2339\" data-end=\"2798\"><strong data-start=\"2339\" data-end=\"2355\">7 de octubre<\/strong>: <strong data-start=\"2357\" data-end=\"2401\">Mercado de segunda mano &amp; special guests<\/strong> en el Jard\u00ed de Ses Eres (11\u201314 h). <strong data-start=\"2437\" data-end=\"2453\">Mesa redonda<\/strong> sobre el estado de la cultura catalana y de las Islas Baleares con <strong data-start=\"2521\" data-end=\"2536\">Joan Abell\u00f3<\/strong> (Reial Cercle Art\u00edstic de Barcelona), <strong data-start=\"2575\" data-end=\"2592\">Teresa Ferrer<\/strong> (OCBF), <strong data-start=\"2601\" data-end=\"2616\">Pedro Vidal<\/strong> (Secretario Auton\u00f3mico de Cultura y Deportes del Govern Balear), <strong data-start=\"2682\" data-end=\"2697\">Laura Trigo<\/strong> (La Plural), <strong data-start=\"2711\" data-end=\"2726\">Tanja Grass<\/strong> (comisaria de Tardor d\u2019Art) y otros ponentes por confirmar (18\u201320 h).<\/p>\n<\/li>\n<li data-start=\"2799\" data-end=\"3012\">\n<p data-start=\"2801\" data-end=\"3012\"><strong data-start=\"2801\" data-end=\"2817\">9 de octubre<\/strong>: <strong data-start=\"2819\" data-end=\"2853\">Taller de cocreaci\u00f3n art\u00edstica<\/strong> con <strong data-start=\"2858\" data-end=\"2870\">Eli Gras<\/strong> en el Jard\u00ed de ses Eres (12\u201314 h y 15\u201319 h). Por la noche, <strong data-start=\"2930\" data-end=\"2945\">Jam Session<\/strong> con <strong data-start=\"2950\" data-end=\"2961\">Krishna<\/strong>, <strong data-start=\"2963\" data-end=\"2975\">Eli Gras<\/strong> y participantes del taller (20 h).<\/p>\n<\/li>\n<li data-start=\"3013\" data-end=\"3373\">\n<p data-start=\"3015\" data-end=\"3373\"><strong data-start=\"3015\" data-end=\"3032\">10 de octubre<\/strong>: Presentaci\u00f3n y proyecci\u00f3n de los proyectos A los Invisibles de <strong data-start=\"3099\" data-end=\"3120\">Consuelo Bautista<\/strong>, la pel\u00edcula Quan ens trobem realizada por un grupo de j\u00f3venes de or\u00edgenes diversos, presentada por<strong> Agn\u00e8s Sebasti\u00e0<\/strong> (Cinema en curs \u2013 <strong>A Bao A Qu<\/strong>).\u00a0y L\u00ednea Sur de <strong data-start=\"3192\" data-end=\"3216\">Juan Gonzalez Forn\u00e9s<\/strong> dentro del ciclo <strong data-start=\"3234\" data-end=\"3272\">La gent es mou: Arte y migraciones<\/strong> (12\u201314 h). Por la tarde, <strong data-start=\"3298\" data-end=\"3338\">taller de interpretaci\u00f3n fotogr\u00e1fica<\/strong> con Consuelo Bautista (16\u201318 h).<\/p>\n<\/li>\n<li data-start=\"3374\" data-end=\"3491\">\n<p data-start=\"3376\" data-end=\"3491\"><strong data-start=\"3376\" data-end=\"3393\">11 de octubre<\/strong>: <strong data-start=\"3395\" data-end=\"3407\">Clausura<\/strong> con los artistas participantes y <strong data-start=\"3441\" data-end=\"3455\">DJ Cherman<\/strong> del Drap-Art Sound System (18 h).<\/p>\n<\/li>\n<\/ul>\n<h3 data-start=\"3493\" data-end=\"3515\">OFF Tardor d\u2019Art<\/h3>\n<p data-start=\"3517\" data-end=\"3706\"><strong data-start=\"3517\" data-end=\"3569\">Exposici\u00f3n en la Galer\u00eda Pin Por Madera Perpetua<\/strong> (7 de octubre \u2013 10 de noviembre), comisariada por <strong data-start=\"3620\" data-end=\"3636\">Pamela Spitz<\/strong> con <strong data-start=\"3641\" data-end=\"3703\">Pep Mart\u00ed, Mariano Mayans, Nadja Ferch y Olivier Tardiveau<\/strong>.<\/p>\n<p data-start=\"3708\" data-end=\"3886\"><strong data-start=\"3708\" data-end=\"3725\">11 de octubre<\/strong>: <strong data-start=\"3727\" data-end=\"3782\">Caf\u00e9 para celebrar el III D\u00eda Europeo de los Museos<\/strong> y visita guiada a la exposici\u00f3n de <strong data-start=\"3818\" data-end=\"3836\">Miquel Barcel\u00f3<\/strong> en el MACE de Ibiza, a cargo de <strong data-start=\"3869\" data-end=\"3883\">Elena Ruiz<\/strong>.<\/p>\n","protected":false},"excerpt":{"rendered":"<p>Del 2 al 11 de octubre, Formentera acoger\u00e1 la cuarta edici\u00f3n de Tardor d\u2019Art, una cita cultural que reunir\u00e1 a artistas locales e internacionales en la Sala de Exposiciones \u201cAjuntament [&hellip;]<\/p>\n","protected":false},"author":6,"featured_media":11560,"comment_status":"closed","ping_status":"closed","sticky":false,"template":"","format":"standard","meta":{"footnotes":""},"categories":[150],"tags":[],"class_list":["post-11546","post","type-post","status-publish","format-standard","has-post-thumbnail","hentry","category-noticias"],"acf":[],"yoast_head":"<!-- This site is optimized with the Yoast SEO plugin v27.4 - https:\/\/yoast.com\/product\/yoast-seo-wordpress\/ -->\n<title>Tardor d\u2019Art 2025 en Formentera - Drap-Art<\/title>\n<meta name=\"robots\" content=\"index, follow, max-snippet:-1, max-image-preview:large, max-video-preview:-1\" \/>\n<link rel=\"canonical\" href=\"https:\/\/drap-art.org\/es\/noticias\/tardor-dart-2025-en-formentera\/\" \/>\n<meta name=\"twitter:label1\" content=\"Escrito por\" \/>\n\t<meta name=\"twitter:data1\" content=\"Saba\" \/>\n\t<meta name=\"twitter:label2\" content=\"Tiempo de lectura\" \/>\n\t<meta name=\"twitter:data2\" content=\"3 minutos\" \/>\n<!-- \/ Yoast SEO plugin. -->","yoast_head_json":{"title":"Tardor d\u2019Art 2025 en Formentera - Drap-Art","robots":{"index":"index","follow":"follow","max-snippet":"max-snippet:-1","max-image-preview":"max-image-preview:large","max-video-preview":"max-video-preview:-1"},"canonical":"https:\/\/drap-art.org\/es\/noticias\/tardor-dart-2025-en-formentera\/","twitter_misc":{"Escrito por":"Saba","Tiempo de lectura":"3 minutos"},"schema":{"@context":"https:\/\/schema.org","@graph":[{"@type":"Article","@id":"https:\/\/drap-art.org\/es\/noticias\/tardor-dart-2025-en-formentera\/#article","isPartOf":{"@id":"https:\/\/drap-art.org\/es\/noticias\/tardor-dart-2025-en-formentera\/"},"author":{"name":"Saba","@id":"https:\/\/drap-art.org\/#\/schema\/person\/a4e8c5a59496743d14143b477c922b84"},"headline":"Tardor d\u2019Art 2025 en Formentera","datePublished":"2025-09-25T10:31:23+00:00","dateModified":"2025-09-29T08:51:02+00:00","mainEntityOfPage":{"@id":"https:\/\/drap-art.org\/es\/noticias\/tardor-dart-2025-en-formentera\/"},"wordCount":592,"publisher":{"@id":"https:\/\/drap-art.org\/#organization"},"image":{"@id":"https:\/\/drap-art.org\/es\/noticias\/tardor-dart-2025-en-formentera\/#primaryimage"},"thumbnailUrl":"https:\/\/drap-art.org\/wp-content\/uploads\/2025\/09\/TA2025_CARTELL-1-e1758630903636.jpg","articleSection":["Noticias"],"inLanguage":"es"},{"@type":"WebPage","@id":"https:\/\/drap-art.org\/es\/noticias\/tardor-dart-2025-en-formentera\/","url":"https:\/\/drap-art.org\/es\/noticias\/tardor-dart-2025-en-formentera\/","name":"Tardor d\u2019Art 2025 en Formentera - Drap-Art","isPartOf":{"@id":"https:\/\/drap-art.org\/#website"},"primaryImageOfPage":{"@id":"https:\/\/drap-art.org\/es\/noticias\/tardor-dart-2025-en-formentera\/#primaryimage"},"image":{"@id":"https:\/\/drap-art.org\/es\/noticias\/tardor-dart-2025-en-formentera\/#primaryimage"},"thumbnailUrl":"https:\/\/drap-art.org\/wp-content\/uploads\/2025\/09\/TA2025_CARTELL-1-e1758630903636.jpg","datePublished":"2025-09-25T10:31:23+00:00","dateModified":"2025-09-29T08:51:02+00:00","breadcrumb":{"@id":"https:\/\/drap-art.org\/es\/noticias\/tardor-dart-2025-en-formentera\/#breadcrumb"},"inLanguage":"es","potentialAction":[{"@type":"ReadAction","target":["https:\/\/drap-art.org\/es\/noticias\/tardor-dart-2025-en-formentera\/"]}]},{"@type":"ImageObject","inLanguage":"es","@id":"https:\/\/drap-art.org\/es\/noticias\/tardor-dart-2025-en-formentera\/#primaryimage","url":"https:\/\/drap-art.org\/wp-content\/uploads\/2025\/09\/TA2025_CARTELL-1-e1758630903636.jpg","contentUrl":"https:\/\/drap-art.org\/wp-content\/uploads\/2025\/09\/TA2025_CARTELL-1-e1758630903636.jpg","width":1061,"height":1500},{"@type":"BreadcrumbList","@id":"https:\/\/drap-art.org\/es\/noticias\/tardor-dart-2025-en-formentera\/#breadcrumb","itemListElement":[{"@type":"ListItem","position":1,"name":"Home","item":"https:\/\/drap-art.org\/es\/"},{"@type":"ListItem","position":2,"name":"Tardor d\u2019Art 2025 en Formentera"}]},{"@type":"WebSite","@id":"https:\/\/drap-art.org\/#website","url":"https:\/\/drap-art.org\/","name":"Drap-Art","description":"Festival Internacional de Arte y Sostenibilidad","publisher":{"@id":"https:\/\/drap-art.org\/#organization"},"potentialAction":[{"@type":"SearchAction","target":{"@type":"EntryPoint","urlTemplate":"https:\/\/drap-art.org\/?s={search_term_string}"},"query-input":{"@type":"PropertyValueSpecification","valueRequired":true,"valueName":"search_term_string"}}],"inLanguage":"es"},{"@type":"Organization","@id":"https:\/\/drap-art.org\/#organization","name":"Associaci\u00f3 Drap-Art","url":"https:\/\/drap-art.org\/","logo":{"@type":"ImageObject","inLanguage":"es","@id":"https:\/\/drap-art.org\/#\/schema\/logo\/image\/","url":"https:\/\/drap-art.org\/wp-content\/uploads\/2024\/10\/logo-drapart-24.png","contentUrl":"https:\/\/drap-art.org\/wp-content\/uploads\/2024\/10\/logo-drapart-24.png","width":2157,"height":1929,"caption":"Associaci\u00f3 Drap-Art"},"image":{"@id":"https:\/\/drap-art.org\/#\/schema\/logo\/image\/"},"sameAs":["https:\/\/www.facebook.com\/drapart\/","https:\/\/x.com\/DrapArt","https:\/\/www.instagram.com\/drapart_org\/","https:\/\/www.youtube.com\/channel\/UC_FGj-k0m_HgMv_aYSN5_4Q"]},{"@type":"Person","@id":"https:\/\/drap-art.org\/#\/schema\/person\/a4e8c5a59496743d14143b477c922b84","name":"Saba","image":{"@type":"ImageObject","inLanguage":"es","@id":"https:\/\/secure.gravatar.com\/avatar\/b707dfce834a8839459e88698aa16095bf92284e349d57a96377d03ca1876104?s=96&d=mm&r=g","url":"https:\/\/secure.gravatar.com\/avatar\/b707dfce834a8839459e88698aa16095bf92284e349d57a96377d03ca1876104?s=96&d=mm&r=g","contentUrl":"https:\/\/secure.gravatar.com\/avatar\/b707dfce834a8839459e88698aa16095bf92284e349d57a96377d03ca1876104?s=96&d=mm&r=g","caption":"Saba"},"url":"https:\/\/drap-art.org\/es\/author\/saba\/"}]}},"_links":{"self":[{"href":"https:\/\/drap-art.org\/es\/wp-json\/wp\/v2\/posts\/11546","targetHints":{"allow":["GET"]}}],"collection":[{"href":"https:\/\/drap-art.org\/es\/wp-json\/wp\/v2\/posts"}],"about":[{"href":"https:\/\/drap-art.org\/es\/wp-json\/wp\/v2\/types\/post"}],"author":[{"embeddable":true,"href":"https:\/\/drap-art.org\/es\/wp-json\/wp\/v2\/users\/6"}],"replies":[{"embeddable":true,"href":"https:\/\/drap-art.org\/es\/wp-json\/wp\/v2\/comments?post=11546"}],"version-history":[{"count":3,"href":"https:\/\/drap-art.org\/es\/wp-json\/wp\/v2\/posts\/11546\/revisions"}],"predecessor-version":[{"id":11588,"href":"https:\/\/drap-art.org\/es\/wp-json\/wp\/v2\/posts\/11546\/revisions\/11588"}],"wp:featuredmedia":[{"embeddable":true,"href":"https:\/\/drap-art.org\/es\/wp-json\/wp\/v2\/media\/11560"}],"wp:attachment":[{"href":"https:\/\/drap-art.org\/es\/wp-json\/wp\/v2\/media?parent=11546"}],"wp:term":[{"taxonomy":"category","embeddable":true,"href":"https:\/\/drap-art.org\/es\/wp-json\/wp\/v2\/categories?post=11546"},{"taxonomy":"post_tag","embeddable":true,"href":"https:\/\/drap-art.org\/es\/wp-json\/wp\/v2\/tags?post=11546"}],"curies":[{"name":"wp","href":"https:\/\/api.w.org\/{rel}","templated":true}]}}