{"id":13050,"date":"2026-09-02T17:10:31","date_gmt":"2026-09-02T15:10:31","guid":{"rendered":"https:\/\/drap-art.org\/?p=13050"},"modified":"2026-09-02T17:10:32","modified_gmt":"2026-09-02T15:10:32","slug":"presentamos-drap-aires-en-el-mirador-del-cccb","status":"publish","type":"post","link":"https:\/\/drap-art.org\/es\/noticias\/presentamos-drap-aires-en-el-mirador-del-cccb\/","title":{"rendered":"\u00a1Presentamos Drap-Aires en el Mirador del CCCB!"},"content":{"rendered":"<p class=\"isSelectedEnd\">Nos hace mucha ilusi\u00f3n invitarte a la presentaci\u00f3n de <em>Drap-Aires: Historias del Festival Drap-Art<\/em>, que tendr\u00e1 lugar el <strong>martes 15 de septiembre, a las 18:30 h, en el Mirador del CCCB<\/strong>, el espacio donde naci\u00f3 Drap-Art.<\/p>\n<p class=\"isSelectedEnd\"><em>Drap-Aires<\/em> es un libro de artista que recoge la memoria y el esp\u00edritu del festival a trav\u00e9s de las fotograf\u00edas de la fot\u00f3grafa, fotoperiodista y artista visual <strong>Consuelo Bautista<\/strong>, que ha documentado la trayectoria de Drap-Art durante treinta a\u00f1os, y de los textos del escritor y cronista <strong>Xavier Theros<\/strong>, que recuperan las historias y an\u00e9cdotas vividas a lo largo de este recorrido.<\/p>\n<p class=\"isSelectedEnd\">La publicaci\u00f3n propone un viaje por las personas, las obras y los momentos que han dado forma al festival, y rinde homenaje a todas las personas que han formado parte de \u00e9l: artistas, colaboradores, voluntarios, vecinos, visitantes y amigos.<\/p>\n<p class=\"isSelectedEnd\">Durante la presentaci\u00f3n contaremos con la participaci\u00f3n de <strong>Jaume Badia<\/strong>, responsable de proyectos externos del CCCB durante los a\u00f1os noventa; <strong>Pilar Sampietro<\/strong>, escritora y periodista; <strong>Xavier Theros<\/strong>, escritor, cronista y coautor del libro; <strong>Consuelo Bautista<\/strong>, autora de las fotograf\u00edas; y <strong>Tanja Grass<\/strong>, cofundadora y presidenta de Drap-Art, gestora cultural, comisaria, traductora y coautora del libro.<\/p>\n<p class=\"isSelectedEnd\">El acto culminar\u00e1 con una performance de la artista berlinesa <strong>Stephanie Senge<\/strong>.<\/p>\n<p class=\"isSelectedEnd\"><strong>Martes 15 de septiembre de 2026, a las 18:30 h<\/strong><br \/>\n<strong>Mirador del CCCB<\/strong><br \/>\nCarrer de Montalegre, 5, Barcelona<\/p>\n<p class=\"isSelectedEnd\"><strong>El aforo es limitado. Es indispensable confirmar la asistencia enviando un correo electr\u00f3nico a <\/strong><a href=\"mailto:info@drap-art.org\"><strong>info@drap-art.org<\/strong><\/a><strong>, indicando el nombre y los apellidos de la persona asistente y, si procede, los nombres de sus acompa\u00f1antes.<\/strong><\/p>\n<p>\u00a1Te esperamos!<\/p>\n","protected":false},"excerpt":{"rendered":"<p>Nos hace mucha ilusi\u00f3n invitarte a la presentaci\u00f3n de Drap-Aires: Historias del Festival Drap-Art, que tendr\u00e1 lugar el martes 15 de septiembre, a las 18:30 h, en el Mirador del [&hellip;]<\/p>\n","protected":false},"author":6,"featured_media":13062,"comment_status":"closed","ping_status":"closed","sticky":false,"template":"","format":"standard","meta":{"footnotes":""},"categories":[150],"tags":[],"class_list":["post-13050","post","type-post","status-publish","format-standard","has-post-thumbnail","hentry","category-noticias"],"acf":[],"yoast_head":"<!-- This site is optimized with the Yoast SEO plugin v28.2 - https:\/\/yoast.com\/product\/yoast-seo-wordpress\/ -->\n<title>\u00a1Presentamos Drap-Aires en el Mirador del CCCB! - Drap-Art<\/title>\n<meta name=\"robots\" content=\"index, follow, max-snippet:-1, max-image-preview:large, max-video-preview:-1\" \/>\n<link rel=\"canonical\" href=\"https:\/\/drap-art.org\/es\/noticias\/presentamos-drap-aires-en-el-mirador-del-cccb\/\" \/>\n<meta name=\"twitter:label1\" content=\"Escrito por\" \/>\n\t<meta name=\"twitter:data1\" content=\"Saba\" \/>\n\t<meta name=\"twitter:label2\" content=\"Tiempo de lectura\" \/>\n\t<meta name=\"twitter:data2\" content=\"2 minutos\" \/>\n<!-- \/ Yoast SEO plugin. -->","yoast_head_json":{"title":"\u00a1Presentamos Drap-Aires en el Mirador del CCCB! - Drap-Art","robots":{"index":"index","follow":"follow","max-snippet":"max-snippet:-1","max-image-preview":"max-image-preview:large","max-video-preview":"max-video-preview:-1"},"canonical":"https:\/\/drap-art.org\/es\/noticias\/presentamos-drap-aires-en-el-mirador-del-cccb\/","twitter_misc":{"Escrito por":"Saba","Tiempo de lectura":"2 minutos"},"schema":{"@context":"https:\/\/schema.org","@graph":[{"@type":"Article","@id":"https:\/\/drap-art.org\/es\/noticias\/presentamos-drap-aires-en-el-mirador-del-cccb\/#article","isPartOf":{"@id":"https:\/\/drap-art.org\/es\/noticias\/presentamos-drap-aires-en-el-mirador-del-cccb\/"},"author":{"name":"Saba","@id":"https:\/\/drap-art.org\/es\/#\/schema\/person\/a4e8c5a59496743d14143b477c922b84"},"headline":"\u00a1Presentamos Drap-Aires en el Mirador del CCCB!","datePublished":"2026-09-02T15:10:31+00:00","dateModified":"2026-09-02T15:10:32+00:00","mainEntityOfPage":{"@id":"https:\/\/drap-art.org\/es\/noticias\/presentamos-drap-aires-en-el-mirador-del-cccb\/"},"wordCount":275,"publisher":{"@id":"https:\/\/drap-art.org\/es\/#organization"},"image":{"@id":"https:\/\/drap-art.org\/es\/noticias\/presentamos-drap-aires-en-el-mirador-del-cccb\/#primaryimage"},"thumbnailUrl":"https:\/\/drap-art.org\/wp-content\/uploads\/2026\/09\/invitacions-dig2.png","articleSection":["Noticias"],"inLanguage":"es"},{"@type":"WebPage","@id":"https:\/\/drap-art.org\/es\/noticias\/presentamos-drap-aires-en-el-mirador-del-cccb\/","url":"https:\/\/drap-art.org\/es\/noticias\/presentamos-drap-aires-en-el-mirador-del-cccb\/","name":"\u00a1Presentamos Drap-Aires en el Mirador del CCCB! - Drap-Art","isPartOf":{"@id":"https:\/\/drap-art.org\/es\/#website"},"primaryImageOfPage":{"@id":"https:\/\/drap-art.org\/es\/noticias\/presentamos-drap-aires-en-el-mirador-del-cccb\/#primaryimage"},"image":{"@id":"https:\/\/drap-art.org\/es\/noticias\/presentamos-drap-aires-en-el-mirador-del-cccb\/#primaryimage"},"thumbnailUrl":"https:\/\/drap-art.org\/wp-content\/uploads\/2026\/09\/invitacions-dig2.png","datePublished":"2026-09-02T15:10:31+00:00","dateModified":"2026-09-02T15:10:32+00:00","breadcrumb":{"@id":"https:\/\/drap-art.org\/es\/noticias\/presentamos-drap-aires-en-el-mirador-del-cccb\/#breadcrumb"},"inLanguage":"es","potentialAction":[{"@type":"ReadAction","target":["https:\/\/drap-art.org\/es\/noticias\/presentamos-drap-aires-en-el-mirador-del-cccb\/"]}]},{"@type":"ImageObject","inLanguage":"es","@id":"https:\/\/drap-art.org\/es\/noticias\/presentamos-drap-aires-en-el-mirador-del-cccb\/#primaryimage","url":"https:\/\/drap-art.org\/wp-content\/uploads\/2026\/09\/invitacions-dig2.png","contentUrl":"https:\/\/drap-art.org\/wp-content\/uploads\/2026\/09\/invitacions-dig2.png","width":2492,"height":1217},{"@type":"BreadcrumbList","@id":"https:\/\/drap-art.org\/es\/noticias\/presentamos-drap-aires-en-el-mirador-del-cccb\/#breadcrumb","itemListElement":[{"@type":"ListItem","position":1,"name":"Home","item":"https:\/\/drap-art.org\/es\/"},{"@type":"ListItem","position":2,"name":"\u00a1Presentamos Drap-Aires en el Mirador del CCCB!"}]},{"@type":"WebSite","@id":"https:\/\/drap-art.org\/es\/#website","url":"https:\/\/drap-art.org\/es\/","name":"Drap-Art","description":"Festival Internacional de Arte y Sostenibilidad","publisher":{"@id":"https:\/\/drap-art.org\/es\/#organization"},"potentialAction":[{"@type":"SearchAction","target":{"@type":"EntryPoint","urlTemplate":"https:\/\/drap-art.org\/es\/?s={search_term_string}"},"query-input":{"@type":"PropertyValueSpecification","valueRequired":true,"valueName":"search_term_string"}}],"inLanguage":"es"},{"@type":"Organization","@id":"https:\/\/drap-art.org\/es\/#organization","name":"Associaci\u00f3 Drap-Art","url":"https:\/\/drap-art.org\/es\/","logo":{"@type":"ImageObject","inLanguage":"es","@id":"https:\/\/drap-art.org\/es\/#\/schema\/logo\/image\/","url":"https:\/\/drap-art.org\/wp-content\/uploads\/2024\/10\/logo-drapart-24.png","contentUrl":"https:\/\/drap-art.org\/wp-content\/uploads\/2024\/10\/logo-drapart-24.png","width":2157,"height":1929,"caption":"Associaci\u00f3 Drap-Art"},"image":{"@id":"https:\/\/drap-art.org\/es\/#\/schema\/logo\/image\/"},"sameAs":["https:\/\/www.facebook.com\/drapart\/","https:\/\/x.com\/DrapArt","https:\/\/www.instagram.com\/drapart_org\/","https:\/\/www.youtube.com\/channel\/UC_FGj-k0m_HgMv_aYSN5_4Q"]},{"@type":"Person","@id":"https:\/\/drap-art.org\/es\/#\/schema\/person\/a4e8c5a59496743d14143b477c922b84","name":"Saba","image":{"@type":"ImageObject","inLanguage":"es","@id":"https:\/\/secure.gravatar.com\/avatar\/b707dfce834a8839459e88698aa16095bf92284e349d57a96377d03ca1876104?s=96&d=mm&r=g","url":"https:\/\/secure.gravatar.com\/avatar\/b707dfce834a8839459e88698aa16095bf92284e349d57a96377d03ca1876104?s=96&d=mm&r=g","contentUrl":"https:\/\/secure.gravatar.com\/avatar\/b707dfce834a8839459e88698aa16095bf92284e349d57a96377d03ca1876104?s=96&d=mm&r=g","caption":"Saba"},"url":"https:\/\/drap-art.org\/es\/author\/saba\/"}]}},"_links":{"self":[{"href":"https:\/\/drap-art.org\/es\/wp-json\/wp\/v2\/posts\/13050","targetHints":{"allow":["GET"]}}],"collection":[{"href":"https:\/\/drap-art.org\/es\/wp-json\/wp\/v2\/posts"}],"about":[{"href":"https:\/\/drap-art.org\/es\/wp-json\/wp\/v2\/types\/post"}],"author":[{"embeddable":true,"href":"https:\/\/drap-art.org\/es\/wp-json\/wp\/v2\/users\/6"}],"replies":[{"embeddable":true,"href":"https:\/\/drap-art.org\/es\/wp-json\/wp\/v2\/comments?post=13050"}],"version-history":[{"count":3,"href":"https:\/\/drap-art.org\/es\/wp-json\/wp\/v2\/posts\/13050\/revisions"}],"predecessor-version":[{"id":13067,"href":"https:\/\/drap-art.org\/es\/wp-json\/wp\/v2\/posts\/13050\/revisions\/13067"}],"wp:featuredmedia":[{"embeddable":true,"href":"https:\/\/drap-art.org\/es\/wp-json\/wp\/v2\/media\/13062"}],"wp:attachment":[{"href":"https:\/\/drap-art.org\/es\/wp-json\/wp\/v2\/media?parent=13050"}],"wp:term":[{"taxonomy":"category","embeddable":true,"href":"https:\/\/drap-art.org\/es\/wp-json\/wp\/v2\/categories?post=13050"},{"taxonomy":"post_tag","embeddable":true,"href":"https:\/\/drap-art.org\/es\/wp-json\/wp\/v2\/tags?post=13050"}],"curies":[{"name":"wp","href":"https:\/\/api.w.org\/{rel}","templated":true}]}}