{"id":5902,"date":"2024-03-29T16:35:55","date_gmt":"2024-03-29T14:35:55","guid":{"rendered":"https:\/\/drap-art.org\/sin-categorizar\/coneix-lart-de-bella-belyakova\/"},"modified":"2024-11-13T13:48:49","modified_gmt":"2024-11-13T11:48:49","slug":"conoce-elart-de-bella-belyakova","status":"publish","type":"post","link":"https:\/\/drap-art.org\/es\/noticias\/conoce-elart-de-bella-belyakova\/","title":{"rendered":"Conoce el arte de Bella Belyakova!"},"content":{"rendered":"<p>Estimada Familia Trapo-Arte,<\/p>\n<p>Con mucha emoci\u00f3n os invitamos a conocer de m\u00e1s cerca el artista del Trapo Arte de este mes de abril, la <strong>Bella Belyakova.<\/strong><\/p>\n<p>La invitaci\u00f3n, adem\u00e1s de la alegr\u00eda de encontrarnos, implica un viaje en el mundo on\u00edrico de esta artista llegada desde Rusia, para abrirnos su universo interior, influenciado por el yoga y las culturas orientales de la paz, compartiendo con nosotros su energ\u00eda positiva y contrarrestando la angustia y confusi\u00f3n de nuestro tiempo.<\/p>\n<p>Promueve la vuelta a los or\u00edgenes, creando obras de papel reciclado que vuelve a convertir en tronco de \u00e1rbol, haciendo visible el lema del Trapo-Arte, \u201cNada desaparece, todo se transforma.\u201d<\/p>\n<p><img loading=\"lazy\" decoding=\"async\" class=\"alignnone wp-image-508 size-full\" src=\"https:\/\/drap-art.org\/wp-content\/uploads\/2024\/03\/bella-belyakova-news.png\" alt=\"\" width=\"1024\" height=\"534\" srcset=\"https:\/\/drap-art.org\/wp-content\/uploads\/2024\/03\/bella-belyakova-news.png 1024w, https:\/\/drap-art.org\/wp-content\/uploads\/2024\/03\/bella-belyakova-news-450x235.png 450w, https:\/\/drap-art.org\/wp-content\/uploads\/2024\/03\/bella-belyakova-news-600x313.png 600w, https:\/\/drap-art.org\/wp-content\/uploads\/2024\/03\/bella-belyakova-news-300x156.png 300w, https:\/\/drap-art.org\/wp-content\/uploads\/2024\/03\/bella-belyakova-news-768x401.png 768w\" sizes=\"(max-width: 1024px) 100vw, 1024px\" \/><br \/>\nD\u00e9jate perder por las calles del G\u00f3tico hasta encontrar nuestra galer\u00eda de la calle de en Amarillo 1, donde podr\u00e1s disfrutar de la experiencia pl\u00e1stica que nos ofrece esta artista genuina, a medio camino entre la est\u00e9tica de oriente y occidente, que adem\u00e1s nos har\u00e1 fruir de su m\u00fasica.<\/p>\n<p>Sobre la exposici\u00f3n:<\/p>\n<p><strong>Fecha: abierta al p\u00fablico del 3 al 27 de abril<\/strong><\/p>\n<p><strong>Inauguraci\u00f3n: 11 de abril a las 19 horas con m\u00fasica vive de la artista<\/strong><\/p>\n<p><strong>Ubicaci\u00f3n: Calle de en Amarillo n.\u00ba 1. Mira como llegar aqu\u00ed!<\/strong><\/p>\n<p>Para poder realizar una buena planificaci\u00f3n del acontecimiento, por favor responde al correo info@drap-art.org para confirmar tu asistencia.<br \/>\nNo te pierdas nuestro mercado!<\/p>\n<p><strong>Record\u00e1is que tambi\u00e9n estamos todos los s\u00e1bados en la plaza Real con nuestro Mercado Trapo-Arte de reciclaje art\u00edstico y consumo sostenible.<\/strong><\/p>\n","protected":false},"excerpt":{"rendered":"<p>Estimada Familia Trapo-Arte, Con mucha emoci\u00f3n os invitamos a conocer de m\u00e1s cerca el artista del Trapo Arte de este mes de abril, la Bella Belyakova. La invitaci\u00f3n, adem\u00e1s de [&hellip;]<\/p>\n","protected":false},"author":1,"featured_media":101,"comment_status":"closed","ping_status":"closed","sticky":false,"template":"","format":"standard","meta":{"footnotes":""},"categories":[150],"tags":[240],"class_list":["post-5902","post","type-post","status-publish","format-standard","has-post-thumbnail","hentry","category-noticias","tag-artista-del-mes-es"],"acf":[],"yoast_head":"<!-- This site is optimized with the Yoast SEO plugin v27.4 - https:\/\/yoast.com\/product\/yoast-seo-wordpress\/ -->\n<title>Conoce el arte de Bella Belyakova! - Drap-Art<\/title>\n<meta name=\"robots\" content=\"index, follow, max-snippet:-1, max-image-preview:large, max-video-preview:-1\" \/>\n<link rel=\"canonical\" href=\"https:\/\/drap-art.org\/noticies\/coneix-lart-de-bella-belyakova\/\" \/>\n<meta name=\"twitter:label1\" content=\"Escrito por\" \/>\n\t<meta name=\"twitter:data1\" content=\"german\" \/>\n\t<meta name=\"twitter:label2\" content=\"Tiempo de lectura\" \/>\n\t<meta name=\"twitter:data2\" content=\"2 minutos\" \/>\n<!-- \/ Yoast SEO plugin. -->","yoast_head_json":{"title":"Conoce el arte de Bella Belyakova! - Drap-Art","robots":{"index":"index","follow":"follow","max-snippet":"max-snippet:-1","max-image-preview":"max-image-preview:large","max-video-preview":"max-video-preview:-1"},"canonical":"https:\/\/drap-art.org\/noticies\/coneix-lart-de-bella-belyakova\/","twitter_misc":{"Escrito por":"german","Tiempo de lectura":"2 minutos"},"schema":{"@context":"https:\/\/schema.org","@graph":[{"@type":"Article","@id":"https:\/\/drap-art.org\/noticies\/coneix-lart-de-bella-belyakova\/#article","isPartOf":{"@id":"https:\/\/drap-art.org\/noticies\/coneix-lart-de-bella-belyakova\/"},"author":{"name":"german","@id":"https:\/\/drap-art.org\/#\/schema\/person\/b7f8fa9112d1008810fff78f5ec09cf2"},"headline":"Conoce el arte de Bella Belyakova!","datePublished":"2024-03-29T14:35:55+00:00","dateModified":"2024-11-13T11:48:49+00:00","mainEntityOfPage":{"@id":"https:\/\/drap-art.org\/noticies\/coneix-lart-de-bella-belyakova\/"},"wordCount":268,"publisher":{"@id":"https:\/\/drap-art.org\/#organization"},"image":{"@id":"https:\/\/drap-art.org\/noticies\/coneix-lart-de-bella-belyakova\/#primaryimage"},"thumbnailUrl":"https:\/\/drap-art.org\/wp-content\/uploads\/2024\/03\/post-Bella_cat-650x650-1.jpg","keywords":["artista del mes"],"articleSection":["Noticias"],"inLanguage":"es"},{"@type":"WebPage","@id":"https:\/\/drap-art.org\/noticies\/coneix-lart-de-bella-belyakova\/","url":"https:\/\/drap-art.org\/noticies\/coneix-lart-de-bella-belyakova\/","name":"Conoce el arte de Bella Belyakova! - Drap-Art","isPartOf":{"@id":"https:\/\/drap-art.org\/#website"},"primaryImageOfPage":{"@id":"https:\/\/drap-art.org\/noticies\/coneix-lart-de-bella-belyakova\/#primaryimage"},"image":{"@id":"https:\/\/drap-art.org\/noticies\/coneix-lart-de-bella-belyakova\/#primaryimage"},"thumbnailUrl":"https:\/\/drap-art.org\/wp-content\/uploads\/2024\/03\/post-Bella_cat-650x650-1.jpg","datePublished":"2024-03-29T14:35:55+00:00","dateModified":"2024-11-13T11:48:49+00:00","breadcrumb":{"@id":"https:\/\/drap-art.org\/noticies\/coneix-lart-de-bella-belyakova\/#breadcrumb"},"inLanguage":"es","potentialAction":[{"@type":"ReadAction","target":["https:\/\/drap-art.org\/noticies\/coneix-lart-de-bella-belyakova\/"]}]},{"@type":"ImageObject","inLanguage":"es","@id":"https:\/\/drap-art.org\/noticies\/coneix-lart-de-bella-belyakova\/#primaryimage","url":"https:\/\/drap-art.org\/wp-content\/uploads\/2024\/03\/post-Bella_cat-650x650-1.jpg","contentUrl":"https:\/\/drap-art.org\/wp-content\/uploads\/2024\/03\/post-Bella_cat-650x650-1.jpg","width":650,"height":650},{"@type":"BreadcrumbList","@id":"https:\/\/drap-art.org\/noticies\/coneix-lart-de-bella-belyakova\/#breadcrumb","itemListElement":[{"@type":"ListItem","position":1,"name":"Home","item":"https:\/\/drap-art.org\/es\/"},{"@type":"ListItem","position":2,"name":"Conoce el arte de Bella Belyakova!"}]},{"@type":"WebSite","@id":"https:\/\/drap-art.org\/#website","url":"https:\/\/drap-art.org\/","name":"Drap-Art","description":"Festival Internacional de Arte y Sostenibilidad","publisher":{"@id":"https:\/\/drap-art.org\/#organization"},"potentialAction":[{"@type":"SearchAction","target":{"@type":"EntryPoint","urlTemplate":"https:\/\/drap-art.org\/?s={search_term_string}"},"query-input":{"@type":"PropertyValueSpecification","valueRequired":true,"valueName":"search_term_string"}}],"inLanguage":"es"},{"@type":"Organization","@id":"https:\/\/drap-art.org\/#organization","name":"Associaci\u00f3 Drap-Art","url":"https:\/\/drap-art.org\/","logo":{"@type":"ImageObject","inLanguage":"es","@id":"https:\/\/drap-art.org\/#\/schema\/logo\/image\/","url":"https:\/\/drap-art.org\/wp-content\/uploads\/2024\/10\/logo-drapart-24.png","contentUrl":"https:\/\/drap-art.org\/wp-content\/uploads\/2024\/10\/logo-drapart-24.png","width":2157,"height":1929,"caption":"Associaci\u00f3 Drap-Art"},"image":{"@id":"https:\/\/drap-art.org\/#\/schema\/logo\/image\/"},"sameAs":["https:\/\/www.facebook.com\/drapart\/","https:\/\/x.com\/DrapArt","https:\/\/www.instagram.com\/drapart_org\/","https:\/\/www.youtube.com\/channel\/UC_FGj-k0m_HgMv_aYSN5_4Q"]},{"@type":"Person","@id":"https:\/\/drap-art.org\/#\/schema\/person\/b7f8fa9112d1008810fff78f5ec09cf2","name":"german","image":{"@type":"ImageObject","inLanguage":"es","@id":"https:\/\/secure.gravatar.com\/avatar\/436d13c83f158ff3489fddbbac857baa2dc00f85c1d04102eb0a8d6d7acc8ef5?s=96&d=mm&r=g","url":"https:\/\/secure.gravatar.com\/avatar\/436d13c83f158ff3489fddbbac857baa2dc00f85c1d04102eb0a8d6d7acc8ef5?s=96&d=mm&r=g","contentUrl":"https:\/\/secure.gravatar.com\/avatar\/436d13c83f158ff3489fddbbac857baa2dc00f85c1d04102eb0a8d6d7acc8ef5?s=96&d=mm&r=g","caption":"german"},"sameAs":["https:\/\/drap-art.org"],"url":"https:\/\/drap-art.org\/es\/author\/german\/"}]}},"_links":{"self":[{"href":"https:\/\/drap-art.org\/es\/wp-json\/wp\/v2\/posts\/5902","targetHints":{"allow":["GET"]}}],"collection":[{"href":"https:\/\/drap-art.org\/es\/wp-json\/wp\/v2\/posts"}],"about":[{"href":"https:\/\/drap-art.org\/es\/wp-json\/wp\/v2\/types\/post"}],"author":[{"embeddable":true,"href":"https:\/\/drap-art.org\/es\/wp-json\/wp\/v2\/users\/1"}],"replies":[{"embeddable":true,"href":"https:\/\/drap-art.org\/es\/wp-json\/wp\/v2\/comments?post=5902"}],"version-history":[{"count":0,"href":"https:\/\/drap-art.org\/es\/wp-json\/wp\/v2\/posts\/5902\/revisions"}],"wp:featuredmedia":[{"embeddable":true,"href":"https:\/\/drap-art.org\/es\/wp-json\/wp\/v2\/media\/101"}],"wp:attachment":[{"href":"https:\/\/drap-art.org\/es\/wp-json\/wp\/v2\/media?parent=5902"}],"wp:term":[{"taxonomy":"category","embeddable":true,"href":"https:\/\/drap-art.org\/es\/wp-json\/wp\/v2\/categories?post=5902"},{"taxonomy":"post_tag","embeddable":true,"href":"https:\/\/drap-art.org\/es\/wp-json\/wp\/v2\/tags?post=5902"}],"curies":[{"name":"wp","href":"https:\/\/api.w.org\/{rel}","templated":true}]}}