{"id":6056,"date":"2019-12-09T19:30:46","date_gmt":"2019-12-09T17:30:46","guid":{"rendered":"https:\/\/drap-art.org\/sin-categorizar\/activitats-drap-art19-14-i-15-de-desembre\/"},"modified":"2019-12-09T19:30:46","modified_gmt":"2019-12-09T17:30:46","slug":"activitats-drap-art19-14-i-15-de-desembre","status":"publish","type":"post","link":"https:\/\/drap-art.org\/es\/noticias\/activitats-drap-art19-14-i-15-de-desembre\/","title":{"rendered":"Activitats Drap-Art\u00b419, 14 i 15 de desembre"},"content":{"rendered":"<p><img loading=\"lazy\" decoding=\"async\" class=\"\" src=\"https:\/\/drap-art.org\/wp-content\/uploads\/2019\/12\/soem7.jpg\" width=\"1072\" height=\"715\" \/><\/p>\n<p><strong>Activitats Drap-Art\u00b419, 14 i 15 de desembre<\/strong><br \/>\ndesembre 9, 2019<\/p>\n<p><strong>Activitats gratu\u00eftes, obert a tots els p\u00fablics.<\/strong><\/p>\n<p><strong>DISSABTE 14 DE DESEMBRE<\/strong><\/p>\n<p><strong>12-14h Visita guiada amb artistes de la Galeria Base Elements, Museu Mar\u00edtim de Barcelona<\/strong><\/p>\n<p><strong>16h \u2013 18h Taller de teixir amb xarxes de pesca, Palmira Rius, El Bors\u00ed (Carrer d\u2019Aviny\u00f3, 23)<\/strong><\/p>\n<p>El taller proposat tracta de confeccionar un tap\u00eds de 2019 cm de base, de restos de xarxes inutilitzades. A explorar les possibilitats i buscar<br \/>\nimplicacions de diferents col\u00b7lectius per tal d\u2019ajudar en la seva confecci\u00f3. Els beneficis s\u00f3n diversos: reciclar un material per segona vegada; a trav\u00e9s de l\u2019art fer m\u00e9s valuosos els elements de rebuig; implicar la comunitat; visibilitzar materials de rebuig amb possibilitats art\u00edstiques.<br \/>\n_____________________________________<\/p>\n<p><strong>DIUMENGE 15 DE DESEMBRE<\/strong><\/p>\n<p>12 \u2013 14h Taller d\u2019envoltoris de berenar de tela amb cera d\u2019abella, Pamela Pincheira, <strong>El Bors\u00ed (Carrer d\u2019Aviny\u00f3, 23)<\/strong><br \/>\nAd\u00e9u paper de plata i pl\u00e0stics en el nostre menjar!<\/p>\n<p><strong>18h \u2013 20h Presentaci\u00f3 del llibre \u201cLa ciutat comestible\u201d, Pilar Sampietro, Museu Mar\u00edtim de Barcelona<\/strong><br \/>\n<strong>Pilar Sampietro Colom, Barcelona, 1963<\/strong><\/p>\n<p>Periodista radiof\u00f2nica especialitzada en ecologia i cultura. Dirigeix i presenta Vida Verda (R\u00e0dio 4, RNE), condueix Mediterrani (R\u00e0dio 3), colabora amb blogs com Alterconsumismo (El Pa\u00eds Digital), i \u00e9s coautora dels llibres \u201cEl jard\u00ed amagat\u201d (Pol\u00b7len, 2013) i \u201cLa ciudad comestible\u201d<br \/>\n(Morsa, 2018), que presenta aqu\u00ed.. \u201cRicard recol\u00b7lecta cada any les taronges de l\u2019arbre urb\u00e0 a la porta de casa per fer melmelada. Juan ha fet tota la vida l\u2019hort rodejat ara d\u2019autopistes, l\u2019AVE, carreteres i benzineres a la sortida de la ciutat. Marta i Tuni cuiden un jard\u00ed entre mitjaneres per salvar-lo de l\u2019especulaci\u00f3 constructora i la fam\u00edlia d\u2019Isabel es reuneix sota la copa del Ginjoler que ella va salvar de la tala, abans de morir.<br \/>\nS\u00f3n petites grans hist\u00f2ries que ens expliquen gestos prodigiosos sobre habitants de la gran ciutat que es resisteixen a viure entre ciment, allunyats de la connexi\u00f3 natural. Elles tenen les eines i la for\u00e7a per transformar el seu entorn degradat i fr\u00e0gil en un espai de vida donant la cara a l\u2019emerg\u00e8ncia clim\u00e0tica que vivim.<\/p>\n<p>M\u00e9s informaci\u00f3: https:\/\/bukinda.com\/en\/inicio\/85-la-ciutat-comestible-9788493995225.html<\/p>\n","protected":false},"excerpt":{"rendered":"<p>Activitats Drap-Art\u00b419, 14 i 15 de desembre desembre 9, 2019 Activitats gratu\u00eftes, obert a tots els p\u00fablics. DISSABTE 14 DE DESEMBRE 12-14h Visita guiada amb artistes de la Galeria Base [&hellip;]<\/p>\n","protected":false},"author":2,"featured_media":1959,"comment_status":"closed","ping_status":"closed","sticky":false,"template":"","format":"standard","meta":{"footnotes":""},"categories":[150],"tags":[],"class_list":["post-6056","post","type-post","status-publish","format-standard","has-post-thumbnail","hentry","category-noticias"],"acf":[],"yoast_head":"<!-- This site is optimized with the Yoast SEO plugin v27.4 - https:\/\/yoast.com\/product\/yoast-seo-wordpress\/ -->\n<title>Activitats Drap-Art\u00b419, 14 i 15 de desembre - Drap-Art<\/title>\n<meta name=\"robots\" content=\"index, follow, max-snippet:-1, max-image-preview:large, max-video-preview:-1\" \/>\n<link rel=\"canonical\" href=\"https:\/\/drap-art.org\/noticies\/activitats-drap-art19-14-i-15-de-desembre\/\" \/>\n<meta name=\"twitter:label1\" content=\"Escrito por\" \/>\n\t<meta name=\"twitter:data1\" content=\"Drap-Art Office\" \/>\n\t<meta name=\"twitter:label2\" content=\"Tiempo de lectura\" \/>\n\t<meta name=\"twitter:data2\" content=\"2 minutos\" \/>\n<!-- \/ Yoast SEO plugin. -->","yoast_head_json":{"title":"Activitats Drap-Art\u00b419, 14 i 15 de desembre - Drap-Art","robots":{"index":"index","follow":"follow","max-snippet":"max-snippet:-1","max-image-preview":"max-image-preview:large","max-video-preview":"max-video-preview:-1"},"canonical":"https:\/\/drap-art.org\/noticies\/activitats-drap-art19-14-i-15-de-desembre\/","twitter_misc":{"Escrito por":"Drap-Art Office","Tiempo de lectura":"2 minutos"},"schema":{"@context":"https:\/\/schema.org","@graph":[{"@type":"Article","@id":"https:\/\/drap-art.org\/noticies\/activitats-drap-art19-14-i-15-de-desembre\/#article","isPartOf":{"@id":"https:\/\/drap-art.org\/noticies\/activitats-drap-art19-14-i-15-de-desembre\/"},"author":{"name":"Drap-Art Office","@id":"https:\/\/drap-art.org\/#\/schema\/person\/b103fbd2618963d5f1fd4671396ad68e"},"headline":"Activitats Drap-Art\u00b419, 14 i 15 de desembre","datePublished":"2019-12-09T17:30:46+00:00","mainEntityOfPage":{"@id":"https:\/\/drap-art.org\/noticies\/activitats-drap-art19-14-i-15-de-desembre\/"},"wordCount":379,"publisher":{"@id":"https:\/\/drap-art.org\/#organization"},"image":{"@id":"https:\/\/drap-art.org\/noticies\/activitats-drap-art19-14-i-15-de-desembre\/#primaryimage"},"thumbnailUrl":"https:\/\/drap-art.org\/wp-content\/uploads\/2024\/06\/soem7.jpg","articleSection":["Noticias"],"inLanguage":"es"},{"@type":"WebPage","@id":"https:\/\/drap-art.org\/noticies\/activitats-drap-art19-14-i-15-de-desembre\/","url":"https:\/\/drap-art.org\/noticies\/activitats-drap-art19-14-i-15-de-desembre\/","name":"Activitats Drap-Art\u00b419, 14 i 15 de desembre - Drap-Art","isPartOf":{"@id":"https:\/\/drap-art.org\/#website"},"primaryImageOfPage":{"@id":"https:\/\/drap-art.org\/noticies\/activitats-drap-art19-14-i-15-de-desembre\/#primaryimage"},"image":{"@id":"https:\/\/drap-art.org\/noticies\/activitats-drap-art19-14-i-15-de-desembre\/#primaryimage"},"thumbnailUrl":"https:\/\/drap-art.org\/wp-content\/uploads\/2024\/06\/soem7.jpg","datePublished":"2019-12-09T17:30:46+00:00","breadcrumb":{"@id":"https:\/\/drap-art.org\/noticies\/activitats-drap-art19-14-i-15-de-desembre\/#breadcrumb"},"inLanguage":"es","potentialAction":[{"@type":"ReadAction","target":["https:\/\/drap-art.org\/noticies\/activitats-drap-art19-14-i-15-de-desembre\/"]}]},{"@type":"ImageObject","inLanguage":"es","@id":"https:\/\/drap-art.org\/noticies\/activitats-drap-art19-14-i-15-de-desembre\/#primaryimage","url":"https:\/\/drap-art.org\/wp-content\/uploads\/2024\/06\/soem7.jpg","contentUrl":"https:\/\/drap-art.org\/wp-content\/uploads\/2024\/06\/soem7.jpg","width":1450,"height":967,"caption":"16\/11\/19 Exposici\u00f3n DRAP- ART 2019. Museo Mar\u00edtimo. Barcelona"},{"@type":"BreadcrumbList","@id":"https:\/\/drap-art.org\/noticies\/activitats-drap-art19-14-i-15-de-desembre\/#breadcrumb","itemListElement":[{"@type":"ListItem","position":1,"name":"Home","item":"https:\/\/drap-art.org\/es\/"},{"@type":"ListItem","position":2,"name":"Activitats Drap-Art\u00b419, 14 i 15 de desembre"}]},{"@type":"WebSite","@id":"https:\/\/drap-art.org\/#website","url":"https:\/\/drap-art.org\/","name":"Drap-Art","description":"Festival Internacional de Arte y Sostenibilidad","publisher":{"@id":"https:\/\/drap-art.org\/#organization"},"potentialAction":[{"@type":"SearchAction","target":{"@type":"EntryPoint","urlTemplate":"https:\/\/drap-art.org\/?s={search_term_string}"},"query-input":{"@type":"PropertyValueSpecification","valueRequired":true,"valueName":"search_term_string"}}],"inLanguage":"es"},{"@type":"Organization","@id":"https:\/\/drap-art.org\/#organization","name":"Associaci\u00f3 Drap-Art","url":"https:\/\/drap-art.org\/","logo":{"@type":"ImageObject","inLanguage":"es","@id":"https:\/\/drap-art.org\/#\/schema\/logo\/image\/","url":"https:\/\/drap-art.org\/wp-content\/uploads\/2024\/10\/logo-drapart-24.png","contentUrl":"https:\/\/drap-art.org\/wp-content\/uploads\/2024\/10\/logo-drapart-24.png","width":2157,"height":1929,"caption":"Associaci\u00f3 Drap-Art"},"image":{"@id":"https:\/\/drap-art.org\/#\/schema\/logo\/image\/"},"sameAs":["https:\/\/www.facebook.com\/drapart\/","https:\/\/x.com\/DrapArt","https:\/\/www.instagram.com\/drapart_org\/","https:\/\/www.youtube.com\/channel\/UC_FGj-k0m_HgMv_aYSN5_4Q"]},{"@type":"Person","@id":"https:\/\/drap-art.org\/#\/schema\/person\/b103fbd2618963d5f1fd4671396ad68e","name":"Drap-Art Office","image":{"@type":"ImageObject","inLanguage":"es","@id":"https:\/\/secure.gravatar.com\/avatar\/f159624b6773fd005fe165d548088d64163bc9414d85f0a3ce149e99ec1db47b?s=96&d=mm&r=g","url":"https:\/\/secure.gravatar.com\/avatar\/f159624b6773fd005fe165d548088d64163bc9414d85f0a3ce149e99ec1db47b?s=96&d=mm&r=g","contentUrl":"https:\/\/secure.gravatar.com\/avatar\/f159624b6773fd005fe165d548088d64163bc9414d85f0a3ce149e99ec1db47b?s=96&d=mm&r=g","caption":"Drap-Art Office"},"url":"https:\/\/drap-art.org\/es\/author\/office\/"}]}},"_links":{"self":[{"href":"https:\/\/drap-art.org\/es\/wp-json\/wp\/v2\/posts\/6056","targetHints":{"allow":["GET"]}}],"collection":[{"href":"https:\/\/drap-art.org\/es\/wp-json\/wp\/v2\/posts"}],"about":[{"href":"https:\/\/drap-art.org\/es\/wp-json\/wp\/v2\/types\/post"}],"author":[{"embeddable":true,"href":"https:\/\/drap-art.org\/es\/wp-json\/wp\/v2\/users\/2"}],"replies":[{"embeddable":true,"href":"https:\/\/drap-art.org\/es\/wp-json\/wp\/v2\/comments?post=6056"}],"version-history":[{"count":0,"href":"https:\/\/drap-art.org\/es\/wp-json\/wp\/v2\/posts\/6056\/revisions"}],"wp:featuredmedia":[{"embeddable":true,"href":"https:\/\/drap-art.org\/es\/wp-json\/wp\/v2\/media\/1959"}],"wp:attachment":[{"href":"https:\/\/drap-art.org\/es\/wp-json\/wp\/v2\/media?parent=6056"}],"wp:term":[{"taxonomy":"category","embeddable":true,"href":"https:\/\/drap-art.org\/es\/wp-json\/wp\/v2\/categories?post=6056"},{"taxonomy":"post_tag","embeddable":true,"href":"https:\/\/drap-art.org\/es\/wp-json\/wp\/v2\/tags?post=6056"}],"curies":[{"name":"wp","href":"https:\/\/api.w.org\/{rel}","templated":true}]}}