{"id":6794,"date":"2024-12-12T18:35:21","date_gmt":"2024-12-12T16:35:21","guid":{"rendered":"https:\/\/drap-art.org\/sin-categorizar\/obrim-convocatoria-per-a-la-manifestacio-per-la-pau-mundial-i-lapoderament-huma-i-de-la-natura\/"},"modified":"2024-12-12T18:36:49","modified_gmt":"2024-12-12T16:36:49","slug":"abrimos-convocatoria-para-la-manifestacion-por-la-paz-mundial-el-empoderamiento-humano-y-de-la-naturaleza","status":"publish","type":"post","link":"https:\/\/drap-art.org\/es\/noticias\/abrimos-convocatoria-para-la-manifestacion-por-la-paz-mundial-el-empoderamiento-humano-y-de-la-naturaleza\/","title":{"rendered":"Abrimos convocatoria para la manifestaci\u00f3n por la paz mundial, el empoderamiento humano y de la naturaleza"},"content":{"rendered":"<p>El Festival Drap-Art est\u00e1 organizando una manifestaci\u00f3n por la paz mundial y el empoderamiento humano y de la naturaleza como cierre de su 28\u00ba edici\u00f3n \u00a1Te necesitamos!\u00a1Participa!<\/p>\n<p>Buscamos voluntarios que quieran participar llevando pancartas, vistiendo atuendos creados por los artistas Marcel\u00b7l\u00ed Ant\u00fanez Roca (co-fundador de La Fura Dels Baus) para su Rua-Acci\u00f3 y la dise\u00f1adora multicultural de Rotterdam Madje Vollaers que trae a  Barcelona por primera vez su proyecto Reflags. <\/p>\n<p>\u00a1Muestra tu compromiso por la paz y el empoderamiento humano, cuanto m\u00e1s seamos, m\u00e1s fuerza tendremos! <\/p>\n<p>\u00bfQuieres saber m\u00e1s? Escr\u00edbenos a info@drap-art.org<\/p>\n","protected":false},"excerpt":{"rendered":"<p>El Festival Drap-Art est\u00e1 organizando una manifestaci\u00f3n por la paz mundial y el empoderamiento humano y de la naturaleza como cierre de su 28\u00ba edici\u00f3n \u00a1Te necesitamos!\u00a1Participa! Buscamos voluntarios que [&hellip;]<\/p>\n","protected":false},"author":1,"featured_media":6791,"comment_status":"closed","ping_status":"closed","sticky":false,"template":"","format":"standard","meta":{"footnotes":""},"categories":[150],"tags":[],"class_list":["post-6794","post","type-post","status-publish","format-standard","has-post-thumbnail","hentry","category-noticias"],"acf":[],"yoast_head":"<!-- This site is optimized with the Yoast SEO plugin v27.4 - https:\/\/yoast.com\/product\/yoast-seo-wordpress\/ -->\n<title>Abrimos convocatoria para la manifestaci\u00f3n por la paz mundial, el empoderamiento humano y de la naturaleza - Drap-Art<\/title>\n<meta name=\"robots\" content=\"index, follow, max-snippet:-1, max-image-preview:large, max-video-preview:-1\" \/>\n<link rel=\"canonical\" href=\"https:\/\/drap-art.org\/es\/noticias\/abrimos-convocatoria-para-la-manifestacion-por-la-paz-mundial-el-empoderamiento-humano-y-de-la-naturaleza\/\" \/>\n<meta name=\"twitter:label1\" content=\"Escrito por\" \/>\n\t<meta name=\"twitter:data1\" content=\"german\" \/>\n\t<meta name=\"twitter:label2\" content=\"Tiempo de lectura\" \/>\n\t<meta name=\"twitter:data2\" content=\"1 minuto\" \/>\n<!-- \/ Yoast SEO plugin. -->","yoast_head_json":{"title":"Abrimos convocatoria para la manifestaci\u00f3n por la paz mundial, el empoderamiento humano y de la naturaleza - Drap-Art","robots":{"index":"index","follow":"follow","max-snippet":"max-snippet:-1","max-image-preview":"max-image-preview:large","max-video-preview":"max-video-preview:-1"},"canonical":"https:\/\/drap-art.org\/es\/noticias\/abrimos-convocatoria-para-la-manifestacion-por-la-paz-mundial-el-empoderamiento-humano-y-de-la-naturaleza\/","twitter_misc":{"Escrito por":"german","Tiempo de lectura":"1 minuto"},"schema":{"@context":"https:\/\/schema.org","@graph":[{"@type":"Article","@id":"https:\/\/drap-art.org\/es\/noticias\/abrimos-convocatoria-para-la-manifestacion-por-la-paz-mundial-el-empoderamiento-humano-y-de-la-naturaleza\/#article","isPartOf":{"@id":"https:\/\/drap-art.org\/es\/noticias\/abrimos-convocatoria-para-la-manifestacion-por-la-paz-mundial-el-empoderamiento-humano-y-de-la-naturaleza\/"},"author":{"name":"german","@id":"https:\/\/drap-art.org\/#\/schema\/person\/b7f8fa9112d1008810fff78f5ec09cf2"},"headline":"Abrimos convocatoria para la manifestaci\u00f3n por la paz mundial, el empoderamiento humano y de la naturaleza","datePublished":"2024-12-12T16:35:21+00:00","dateModified":"2024-12-12T16:36:49+00:00","mainEntityOfPage":{"@id":"https:\/\/drap-art.org\/es\/noticias\/abrimos-convocatoria-para-la-manifestacion-por-la-paz-mundial-el-empoderamiento-humano-y-de-la-naturaleza\/"},"wordCount":120,"publisher":{"@id":"https:\/\/drap-art.org\/#organization"},"image":{"@id":"https:\/\/drap-art.org\/es\/noticias\/abrimos-convocatoria-para-la-manifestacion-por-la-paz-mundial-el-empoderamiento-humano-y-de-la-naturaleza\/#primaryimage"},"thumbnailUrl":"https:\/\/drap-art.org\/wp-content\/uploads\/2024\/12\/cartell-pausi_yespeace.png","articleSection":["Noticias"],"inLanguage":"es"},{"@type":"WebPage","@id":"https:\/\/drap-art.org\/es\/noticias\/abrimos-convocatoria-para-la-manifestacion-por-la-paz-mundial-el-empoderamiento-humano-y-de-la-naturaleza\/","url":"https:\/\/drap-art.org\/es\/noticias\/abrimos-convocatoria-para-la-manifestacion-por-la-paz-mundial-el-empoderamiento-humano-y-de-la-naturaleza\/","name":"Abrimos convocatoria para la manifestaci\u00f3n por la paz mundial, el empoderamiento humano y de la naturaleza - Drap-Art","isPartOf":{"@id":"https:\/\/drap-art.org\/#website"},"primaryImageOfPage":{"@id":"https:\/\/drap-art.org\/es\/noticias\/abrimos-convocatoria-para-la-manifestacion-por-la-paz-mundial-el-empoderamiento-humano-y-de-la-naturaleza\/#primaryimage"},"image":{"@id":"https:\/\/drap-art.org\/es\/noticias\/abrimos-convocatoria-para-la-manifestacion-por-la-paz-mundial-el-empoderamiento-humano-y-de-la-naturaleza\/#primaryimage"},"thumbnailUrl":"https:\/\/drap-art.org\/wp-content\/uploads\/2024\/12\/cartell-pausi_yespeace.png","datePublished":"2024-12-12T16:35:21+00:00","dateModified":"2024-12-12T16:36:49+00:00","breadcrumb":{"@id":"https:\/\/drap-art.org\/es\/noticias\/abrimos-convocatoria-para-la-manifestacion-por-la-paz-mundial-el-empoderamiento-humano-y-de-la-naturaleza\/#breadcrumb"},"inLanguage":"es","potentialAction":[{"@type":"ReadAction","target":["https:\/\/drap-art.org\/es\/noticias\/abrimos-convocatoria-para-la-manifestacion-por-la-paz-mundial-el-empoderamiento-humano-y-de-la-naturaleza\/"]}]},{"@type":"ImageObject","inLanguage":"es","@id":"https:\/\/drap-art.org\/es\/noticias\/abrimos-convocatoria-para-la-manifestacion-por-la-paz-mundial-el-empoderamiento-humano-y-de-la-naturaleza\/#primaryimage","url":"https:\/\/drap-art.org\/wp-content\/uploads\/2024\/12\/cartell-pausi_yespeace.png","contentUrl":"https:\/\/drap-art.org\/wp-content\/uploads\/2024\/12\/cartell-pausi_yespeace.png","width":1599,"height":1200},{"@type":"BreadcrumbList","@id":"https:\/\/drap-art.org\/es\/noticias\/abrimos-convocatoria-para-la-manifestacion-por-la-paz-mundial-el-empoderamiento-humano-y-de-la-naturaleza\/#breadcrumb","itemListElement":[{"@type":"ListItem","position":1,"name":"Home","item":"https:\/\/drap-art.org\/es\/"},{"@type":"ListItem","position":2,"name":"Abrimos convocatoria para la manifestaci\u00f3n por la paz mundial, el empoderamiento humano y de la naturaleza"}]},{"@type":"WebSite","@id":"https:\/\/drap-art.org\/#website","url":"https:\/\/drap-art.org\/","name":"Drap-Art","description":"Festival Internacional de Arte y Sostenibilidad","publisher":{"@id":"https:\/\/drap-art.org\/#organization"},"potentialAction":[{"@type":"SearchAction","target":{"@type":"EntryPoint","urlTemplate":"https:\/\/drap-art.org\/?s={search_term_string}"},"query-input":{"@type":"PropertyValueSpecification","valueRequired":true,"valueName":"search_term_string"}}],"inLanguage":"es"},{"@type":"Organization","@id":"https:\/\/drap-art.org\/#organization","name":"Associaci\u00f3 Drap-Art","url":"https:\/\/drap-art.org\/","logo":{"@type":"ImageObject","inLanguage":"es","@id":"https:\/\/drap-art.org\/#\/schema\/logo\/image\/","url":"https:\/\/drap-art.org\/wp-content\/uploads\/2024\/10\/logo-drapart-24.png","contentUrl":"https:\/\/drap-art.org\/wp-content\/uploads\/2024\/10\/logo-drapart-24.png","width":2157,"height":1929,"caption":"Associaci\u00f3 Drap-Art"},"image":{"@id":"https:\/\/drap-art.org\/#\/schema\/logo\/image\/"},"sameAs":["https:\/\/www.facebook.com\/drapart\/","https:\/\/x.com\/DrapArt","https:\/\/www.instagram.com\/drapart_org\/","https:\/\/www.youtube.com\/channel\/UC_FGj-k0m_HgMv_aYSN5_4Q"]},{"@type":"Person","@id":"https:\/\/drap-art.org\/#\/schema\/person\/b7f8fa9112d1008810fff78f5ec09cf2","name":"german","image":{"@type":"ImageObject","inLanguage":"es","@id":"https:\/\/secure.gravatar.com\/avatar\/436d13c83f158ff3489fddbbac857baa2dc00f85c1d04102eb0a8d6d7acc8ef5?s=96&d=mm&r=g","url":"https:\/\/secure.gravatar.com\/avatar\/436d13c83f158ff3489fddbbac857baa2dc00f85c1d04102eb0a8d6d7acc8ef5?s=96&d=mm&r=g","contentUrl":"https:\/\/secure.gravatar.com\/avatar\/436d13c83f158ff3489fddbbac857baa2dc00f85c1d04102eb0a8d6d7acc8ef5?s=96&d=mm&r=g","caption":"german"},"sameAs":["https:\/\/drap-art.org"],"url":"https:\/\/drap-art.org\/es\/author\/german\/"}]}},"_links":{"self":[{"href":"https:\/\/drap-art.org\/es\/wp-json\/wp\/v2\/posts\/6794","targetHints":{"allow":["GET"]}}],"collection":[{"href":"https:\/\/drap-art.org\/es\/wp-json\/wp\/v2\/posts"}],"about":[{"href":"https:\/\/drap-art.org\/es\/wp-json\/wp\/v2\/types\/post"}],"author":[{"embeddable":true,"href":"https:\/\/drap-art.org\/es\/wp-json\/wp\/v2\/users\/1"}],"replies":[{"embeddable":true,"href":"https:\/\/drap-art.org\/es\/wp-json\/wp\/v2\/comments?post=6794"}],"version-history":[{"count":0,"href":"https:\/\/drap-art.org\/es\/wp-json\/wp\/v2\/posts\/6794\/revisions"}],"wp:featuredmedia":[{"embeddable":true,"href":"https:\/\/drap-art.org\/es\/wp-json\/wp\/v2\/media\/6791"}],"wp:attachment":[{"href":"https:\/\/drap-art.org\/es\/wp-json\/wp\/v2\/media?parent=6794"}],"wp:term":[{"taxonomy":"category","embeddable":true,"href":"https:\/\/drap-art.org\/es\/wp-json\/wp\/v2\/categories?post=6794"},{"taxonomy":"post_tag","embeddable":true,"href":"https:\/\/drap-art.org\/es\/wp-json\/wp\/v2\/tags?post=6794"}],"curies":[{"name":"wp","href":"https:\/\/api.w.org\/{rel}","templated":true}]}}