{"id":8042,"date":"2025-02-28T17:23:40","date_gmt":"2025-02-28T15:23:40","guid":{"rendered":"https:\/\/drap-art.org\/?p=8042"},"modified":"2025-03-03T11:32:38","modified_gmt":"2025-03-03T09:32:38","slug":"drap-art-illes-en-la-fundacion-cuixart","status":"publish","type":"post","link":"https:\/\/drap-art.org\/es\/noticias\/drap-art-illes-en-la-fundacion-cuixart\/","title":{"rendered":"\u00abDrap-Art Illes\u00bb en la Fundaci\u00f3n Cuixart"},"content":{"rendered":"<p data-start=\"32\" data-end=\"455\">Del <strong data-start=\"36\" data-end=\"56\">4 al 27 de marzo<\/strong>, la <strong data-start=\"61\" data-end=\"82\">Fundaci\u00f3n Cuixart<\/strong> de Palafrugell acoger\u00e1 <strong data-start=\"106\" data-end=\"126\">\u00abDrap-Art Illes\u00bb<\/strong>, una exposici\u00f3n que re\u00fane una selecci\u00f3n de artistas de las Islas Baleares y que contar\u00e1 con la participaci\u00f3n especial de <strong data-start=\"248\" data-end=\"265\">Jeff Midghall<\/strong>, artista ingl\u00e9s residente en Palafrugell. Esta muestra form\u00f3 parte del Festival Drap-Art&#8217;24 y ahora llega a Palafrugell para seguir promoviendo el di\u00e1logo entre arte y sostenibilidad.<\/p>\n<p data-start=\"457\" data-end=\"825\">Inspirada en el documental \u00abDise\u00f1ando el ma\u00f1ana\u00bb y en la Agenda 2030, \u00abDrap-Art Illes\u00bb busca generar una reflexi\u00f3n colectiva sobre la creatividad, la reutilizaci\u00f3n de materiales y la construcci\u00f3n de un futuro m\u00e1s sostenible. A lo largo del mes, escolares de la zona visitar\u00e1n la exposici\u00f3n como parte de un proceso de sensibilizaci\u00f3n ambiental y art\u00edstica.<\/p>\n<p data-start=\"827\" data-end=\"917\">La muestra cuenta con la participaci\u00f3n de los siguientes artistas de las Islas Baleares:<\/p>\n<ul data-start=\"919\" data-end=\"1117\">\n<li data-start=\"919\" data-end=\"951\"><strong data-start=\"921\" data-end=\"949\">Creatives for the Planet<\/strong><\/li>\n<li data-start=\"952\" data-end=\"978\"><strong data-start=\"954\" data-end=\"976\">Sol Couregges Bon\u00e9<\/strong><\/li>\n<li data-start=\"979\" data-end=\"997\"><strong data-start=\"981\" data-end=\"995\">Dani Fulla<\/strong><\/li>\n<li data-start=\"998\" data-end=\"1022\"><strong data-start=\"1000\" data-end=\"1020\">Ezequiel Herrera<\/strong><\/li>\n<li data-start=\"1023\" data-end=\"1043\"><strong data-start=\"1025\" data-end=\"1041\">Emeric Jacob<\/strong><\/li>\n<li data-start=\"1044\" data-end=\"1072\"><strong data-start=\"1046\" data-end=\"1070\">Maria Teresa Matilla<\/strong><\/li>\n<li data-start=\"1073\" data-end=\"1094\"><strong data-start=\"1075\" data-end=\"1092\">Enric Servera<\/strong><\/li>\n<li data-start=\"1095\" data-end=\"1117\"><strong data-start=\"1097\" data-end=\"1115\">Jorge Traverso<\/strong><\/li>\n<\/ul>\n<p data-start=\"1119\" data-end=\"1406\">Adem\u00e1s, la exposici\u00f3n contar\u00e1 con <strong data-start=\"1153\" data-end=\"1192\">Jeff Midghall como artista invitado<\/strong>. Nacido en Liverpool y formado en escultura y pintura, Midghall ha expuesto en espacios tan prestigiosos como la National Portrait Gallery de Londres y la Scottish National Portrait Gallery de Edimburgo.<\/p>\n<p data-start=\"1408\" data-end=\"1546\">La exposici\u00f3n estar\u00e1 abierta hasta el <strong data-start=\"1446\" data-end=\"1461\">27 de marzo<\/strong> en la <strong data-start=\"1468\" data-end=\"1489\">Fundaci\u00f3n Cuixart<\/strong>, ubicada en <strong>Carrer Miquel Vincke i Meyer, 12, 17200 Palafrugell<\/strong>.<\/p>\n","protected":false},"excerpt":{"rendered":"<p>Del 4 al 27 de marzo, la Fundaci\u00f3n Cuixart de Palafrugell acoger\u00e1 \u00abDrap-Art Illes\u00bb, una exposici\u00f3n que re\u00fane una selecci\u00f3n de artistas de las Islas Baleares y que contar\u00e1 con [&hellip;]<\/p>\n","protected":false},"author":6,"featured_media":8063,"comment_status":"closed","ping_status":"closed","sticky":false,"template":"","format":"standard","meta":{"footnotes":""},"categories":[150],"tags":[],"class_list":["post-8042","post","type-post","status-publish","format-standard","has-post-thumbnail","hentry","category-noticias"],"acf":[],"yoast_head":"<!-- This site is optimized with the Yoast SEO plugin v27.4 - https:\/\/yoast.com\/product\/yoast-seo-wordpress\/ -->\n<title>&quot;Drap-Art Illes&quot; en la Fundaci\u00f3n Cuixart - Drap-Art<\/title>\n<meta name=\"robots\" content=\"index, follow, max-snippet:-1, max-image-preview:large, max-video-preview:-1\" \/>\n<link rel=\"canonical\" href=\"https:\/\/drap-art.org\/es\/noticias\/drap-art-illes-en-la-fundacion-cuixart\/\" \/>\n<meta name=\"twitter:label1\" content=\"Escrito por\" \/>\n\t<meta name=\"twitter:data1\" content=\"Saba\" \/>\n\t<meta name=\"twitter:label2\" content=\"Tiempo de lectura\" \/>\n\t<meta name=\"twitter:data2\" content=\"2 minutos\" \/>\n<!-- \/ Yoast SEO plugin. -->","yoast_head_json":{"title":"\"Drap-Art Illes\" en la Fundaci\u00f3n Cuixart - Drap-Art","robots":{"index":"index","follow":"follow","max-snippet":"max-snippet:-1","max-image-preview":"max-image-preview:large","max-video-preview":"max-video-preview:-1"},"canonical":"https:\/\/drap-art.org\/es\/noticias\/drap-art-illes-en-la-fundacion-cuixart\/","twitter_misc":{"Escrito por":"Saba","Tiempo de lectura":"2 minutos"},"schema":{"@context":"https:\/\/schema.org","@graph":[{"@type":"Article","@id":"https:\/\/drap-art.org\/es\/noticias\/drap-art-illes-en-la-fundacion-cuixart\/#article","isPartOf":{"@id":"https:\/\/drap-art.org\/es\/noticias\/drap-art-illes-en-la-fundacion-cuixart\/"},"author":{"name":"Saba","@id":"https:\/\/drap-art.org\/#\/schema\/person\/a4e8c5a59496743d14143b477c922b84"},"headline":"\u00abDrap-Art Illes\u00bb en la Fundaci\u00f3n Cuixart","datePublished":"2025-02-28T15:23:40+00:00","dateModified":"2025-03-03T09:32:38+00:00","mainEntityOfPage":{"@id":"https:\/\/drap-art.org\/es\/noticias\/drap-art-illes-en-la-fundacion-cuixart\/"},"wordCount":239,"publisher":{"@id":"https:\/\/drap-art.org\/#organization"},"image":{"@id":"https:\/\/drap-art.org\/es\/noticias\/drap-art-illes-en-la-fundacion-cuixart\/#primaryimage"},"thumbnailUrl":"https:\/\/drap-art.org\/wp-content\/uploads\/2025\/02\/EmericJacob_CapBarbaria_1tiny.jpg","articleSection":["Noticias"],"inLanguage":"es"},{"@type":"WebPage","@id":"https:\/\/drap-art.org\/es\/noticias\/drap-art-illes-en-la-fundacion-cuixart\/","url":"https:\/\/drap-art.org\/es\/noticias\/drap-art-illes-en-la-fundacion-cuixart\/","name":"\"Drap-Art Illes\" en la Fundaci\u00f3n Cuixart - Drap-Art","isPartOf":{"@id":"https:\/\/drap-art.org\/#website"},"primaryImageOfPage":{"@id":"https:\/\/drap-art.org\/es\/noticias\/drap-art-illes-en-la-fundacion-cuixart\/#primaryimage"},"image":{"@id":"https:\/\/drap-art.org\/es\/noticias\/drap-art-illes-en-la-fundacion-cuixart\/#primaryimage"},"thumbnailUrl":"https:\/\/drap-art.org\/wp-content\/uploads\/2025\/02\/EmericJacob_CapBarbaria_1tiny.jpg","datePublished":"2025-02-28T15:23:40+00:00","dateModified":"2025-03-03T09:32:38+00:00","breadcrumb":{"@id":"https:\/\/drap-art.org\/es\/noticias\/drap-art-illes-en-la-fundacion-cuixart\/#breadcrumb"},"inLanguage":"es","potentialAction":[{"@type":"ReadAction","target":["https:\/\/drap-art.org\/es\/noticias\/drap-art-illes-en-la-fundacion-cuixart\/"]}]},{"@type":"ImageObject","inLanguage":"es","@id":"https:\/\/drap-art.org\/es\/noticias\/drap-art-illes-en-la-fundacion-cuixart\/#primaryimage","url":"https:\/\/drap-art.org\/wp-content\/uploads\/2025\/02\/EmericJacob_CapBarbaria_1tiny.jpg","contentUrl":"https:\/\/drap-art.org\/wp-content\/uploads\/2025\/02\/EmericJacob_CapBarbaria_1tiny.jpg","width":1504,"height":1045},{"@type":"BreadcrumbList","@id":"https:\/\/drap-art.org\/es\/noticias\/drap-art-illes-en-la-fundacion-cuixart\/#breadcrumb","itemListElement":[{"@type":"ListItem","position":1,"name":"Home","item":"https:\/\/drap-art.org\/es\/"},{"@type":"ListItem","position":2,"name":"&#8220;Drap-Art Illes&#8221; en la Fundaci\u00f3n Cuixart"}]},{"@type":"WebSite","@id":"https:\/\/drap-art.org\/#website","url":"https:\/\/drap-art.org\/","name":"Drap-Art","description":"Festival Internacional de Arte y Sostenibilidad","publisher":{"@id":"https:\/\/drap-art.org\/#organization"},"potentialAction":[{"@type":"SearchAction","target":{"@type":"EntryPoint","urlTemplate":"https:\/\/drap-art.org\/?s={search_term_string}"},"query-input":{"@type":"PropertyValueSpecification","valueRequired":true,"valueName":"search_term_string"}}],"inLanguage":"es"},{"@type":"Organization","@id":"https:\/\/drap-art.org\/#organization","name":"Associaci\u00f3 Drap-Art","url":"https:\/\/drap-art.org\/","logo":{"@type":"ImageObject","inLanguage":"es","@id":"https:\/\/drap-art.org\/#\/schema\/logo\/image\/","url":"https:\/\/drap-art.org\/wp-content\/uploads\/2024\/10\/logo-drapart-24.png","contentUrl":"https:\/\/drap-art.org\/wp-content\/uploads\/2024\/10\/logo-drapart-24.png","width":2157,"height":1929,"caption":"Associaci\u00f3 Drap-Art"},"image":{"@id":"https:\/\/drap-art.org\/#\/schema\/logo\/image\/"},"sameAs":["https:\/\/www.facebook.com\/drapart\/","https:\/\/x.com\/DrapArt","https:\/\/www.instagram.com\/drapart_org\/","https:\/\/www.youtube.com\/channel\/UC_FGj-k0m_HgMv_aYSN5_4Q"]},{"@type":"Person","@id":"https:\/\/drap-art.org\/#\/schema\/person\/a4e8c5a59496743d14143b477c922b84","name":"Saba","image":{"@type":"ImageObject","inLanguage":"es","@id":"https:\/\/secure.gravatar.com\/avatar\/b707dfce834a8839459e88698aa16095bf92284e349d57a96377d03ca1876104?s=96&d=mm&r=g","url":"https:\/\/secure.gravatar.com\/avatar\/b707dfce834a8839459e88698aa16095bf92284e349d57a96377d03ca1876104?s=96&d=mm&r=g","contentUrl":"https:\/\/secure.gravatar.com\/avatar\/b707dfce834a8839459e88698aa16095bf92284e349d57a96377d03ca1876104?s=96&d=mm&r=g","caption":"Saba"},"url":"https:\/\/drap-art.org\/es\/author\/saba\/"}]}},"_links":{"self":[{"href":"https:\/\/drap-art.org\/es\/wp-json\/wp\/v2\/posts\/8042","targetHints":{"allow":["GET"]}}],"collection":[{"href":"https:\/\/drap-art.org\/es\/wp-json\/wp\/v2\/posts"}],"about":[{"href":"https:\/\/drap-art.org\/es\/wp-json\/wp\/v2\/types\/post"}],"author":[{"embeddable":true,"href":"https:\/\/drap-art.org\/es\/wp-json\/wp\/v2\/users\/6"}],"replies":[{"embeddable":true,"href":"https:\/\/drap-art.org\/es\/wp-json\/wp\/v2\/comments?post=8042"}],"version-history":[{"count":0,"href":"https:\/\/drap-art.org\/es\/wp-json\/wp\/v2\/posts\/8042\/revisions"}],"wp:featuredmedia":[{"embeddable":true,"href":"https:\/\/drap-art.org\/es\/wp-json\/wp\/v2\/media\/8063"}],"wp:attachment":[{"href":"https:\/\/drap-art.org\/es\/wp-json\/wp\/v2\/media?parent=8042"}],"wp:term":[{"taxonomy":"category","embeddable":true,"href":"https:\/\/drap-art.org\/es\/wp-json\/wp\/v2\/categories?post=8042"},{"taxonomy":"post_tag","embeddable":true,"href":"https:\/\/drap-art.org\/es\/wp-json\/wp\/v2\/tags?post=8042"}],"curies":[{"name":"wp","href":"https:\/\/api.w.org\/{rel}","templated":true}]}}