{"id":9136,"date":"2025-03-21T13:14:55","date_gmt":"2025-03-21T12:14:55","guid":{"rendered":"https:\/\/drap-art.org\/?p=9136"},"modified":"2025-03-25T10:23:12","modified_gmt":"2025-03-25T09:23:12","slug":"drap-art-participa-en-el-festival-residuo-cero-y-clausura-la-exposicion-drap-art-illes-en-la-fundacio-cuixart","status":"publish","type":"post","link":"https:\/\/drap-art.org\/es\/noticias\/drap-art-participa-en-el-festival-residuo-cero-y-clausura-la-exposicion-drap-art-illes-en-la-fundacio-cuixart\/","title":{"rendered":"Drap-Art participa en el Festival Residuo Cero y clausura la exposici\u00f3n Drap-Art Illes en la Fundaci\u00f3 Cuixart"},"content":{"rendered":"<p data-start=\"0\" data-end=\"525\">Los d\u00edas <strong data-start=\"24\" data-end=\"44\">26 y 27 de marzo<\/strong>, Drap-Art estar\u00e1 presente en el <strong data-start=\"77\" data-end=\"102\">Festival Residuo Cero<\/strong>, que se celebrar\u00e1 en <strong data-start=\"124\" data-end=\"147\">Palo Alto Barcelona<\/strong>, un evento que re\u00fane iniciativas que promueven la <strong data-start=\"198\" data-end=\"216\">sostenibilidad<\/strong>, la <strong data-start=\"221\" data-end=\"238\" data-is-only-node=\"\">reutilizaci\u00f3n<\/strong> y la <strong data-start=\"244\" data-end=\"265\">econom\u00eda circular<\/strong>. Durante dos jornadas, el p\u00fablico podr\u00e1 descubrir <strong data-start=\"316\" data-end=\"338\">proyectos pioneros<\/strong> y conocer de cerca el trabajo de Drap-Art en el \u00e1mbito del <strong data-start=\"398\" data-end=\"430\">arte y el reciclaje creativo<\/strong>. Las entradas pueden adquirirse a trav\u00e9s de la p\u00e1gina web oficial: <a href=\"https:\/\/festivalresiduzero.org\/es\/\"><strong data-start=\"498\" data-end=\"524\">festivalresiduzero.org<\/strong><\/a>.<\/p>\n<p data-start=\"527\" data-end=\"1010\">Por otro lado, el <strong data-start=\"545\" data-end=\"570\">jueves 27 de marzo<\/strong> tendr\u00e1 lugar el <strong data-start=\"587\" data-end=\"651\">finissage de la exposici\u00f3n Drap-Art Illes \u00abGo green go blue\u00bb<\/strong> en la <strong data-start=\"658\" data-end=\"678\">Fundaci\u00f3 Cuixart<\/strong>, un cierre que pondr\u00e1 fin a esta muestra que ha conectado el <strong data-start=\"740\" data-end=\"762\">territorio insular<\/strong> con la <strong data-start=\"770\" data-end=\"815\">mirada transformadora del arte sostenible<\/strong>. Esta exposici\u00f3n ha sido una oportunidad para <strong data-start=\"862\" data-end=\"900\">visibilizar a artistas de Baleares<\/strong> vinculados al reciclaje creativo y establecer <strong data-start=\"947\" data-end=\"1009\">puentes entre disciplinas, territorios y p\u00fablicos diversos<\/strong>.<\/p>\n<p data-start=\"1012\" data-end=\"1159\">Con estas dos acciones, Drap-Art sigue <strong data-start=\"1051\" data-end=\"1072\">tejiendo alianzas<\/strong> y generando <strong data-start=\"1085\" data-end=\"1158\">espacios de encuentro entre el arte, la comunidad y el medio ambiente<\/strong>.<\/p>\n","protected":false},"excerpt":{"rendered":"<p>Los d\u00edas 26 y 27 de marzo, Drap-Art estar\u00e1 presente en el Festival Residuo Cero, que se celebrar\u00e1 en Palo Alto Barcelona, un evento que re\u00fane iniciativas que promueven la [&hellip;]<\/p>\n","protected":false},"author":6,"featured_media":9142,"comment_status":"closed","ping_status":"closed","sticky":false,"template":"","format":"standard","meta":{"footnotes":""},"categories":[150],"tags":[],"class_list":["post-9136","post","type-post","status-publish","format-standard","has-post-thumbnail","hentry","category-noticias"],"acf":[],"yoast_head":"<!-- This site is optimized with the Yoast SEO plugin v27.4 - https:\/\/yoast.com\/product\/yoast-seo-wordpress\/ -->\n<title>Drap-Art participa en el Festival Residuo Cero y clausura la exposici\u00f3n Drap-Art Illes en la Fundaci\u00f3 Cuixart - Drap-Art<\/title>\n<meta name=\"robots\" content=\"index, follow, max-snippet:-1, max-image-preview:large, max-video-preview:-1\" \/>\n<link rel=\"canonical\" href=\"https:\/\/drap-art.org\/es\/noticias\/drap-art-participa-en-el-festival-residuo-cero-y-clausura-la-exposicion-drap-art-illes-en-la-fundacio-cuixart\/\" \/>\n<meta name=\"twitter:label1\" content=\"Escrito por\" \/>\n\t<meta name=\"twitter:data1\" content=\"Saba\" \/>\n\t<meta name=\"twitter:label2\" content=\"Tiempo de lectura\" \/>\n\t<meta name=\"twitter:data2\" content=\"1 minuto\" \/>\n<!-- \/ Yoast SEO plugin. -->","yoast_head_json":{"title":"Drap-Art participa en el Festival Residuo Cero y clausura la exposici\u00f3n Drap-Art Illes en la Fundaci\u00f3 Cuixart - Drap-Art","robots":{"index":"index","follow":"follow","max-snippet":"max-snippet:-1","max-image-preview":"max-image-preview:large","max-video-preview":"max-video-preview:-1"},"canonical":"https:\/\/drap-art.org\/es\/noticias\/drap-art-participa-en-el-festival-residuo-cero-y-clausura-la-exposicion-drap-art-illes-en-la-fundacio-cuixart\/","twitter_misc":{"Escrito por":"Saba","Tiempo de lectura":"1 minuto"},"schema":{"@context":"https:\/\/schema.org","@graph":[{"@type":"Article","@id":"https:\/\/drap-art.org\/es\/noticias\/drap-art-participa-en-el-festival-residuo-cero-y-clausura-la-exposicion-drap-art-illes-en-la-fundacio-cuixart\/#article","isPartOf":{"@id":"https:\/\/drap-art.org\/es\/noticias\/drap-art-participa-en-el-festival-residuo-cero-y-clausura-la-exposicion-drap-art-illes-en-la-fundacio-cuixart\/"},"author":{"name":"Saba","@id":"https:\/\/drap-art.org\/#\/schema\/person\/a4e8c5a59496743d14143b477c922b84"},"headline":"Drap-Art participa en el Festival Residuo Cero y clausura la exposici\u00f3n Drap-Art Illes en la Fundaci\u00f3 Cuixart","datePublished":"2025-03-21T12:14:55+00:00","dateModified":"2025-03-25T09:23:12+00:00","mainEntityOfPage":{"@id":"https:\/\/drap-art.org\/es\/noticias\/drap-art-participa-en-el-festival-residuo-cero-y-clausura-la-exposicion-drap-art-illes-en-la-fundacio-cuixart\/"},"wordCount":194,"publisher":{"@id":"https:\/\/drap-art.org\/#organization"},"image":{"@id":"https:\/\/drap-art.org\/es\/noticias\/drap-art-participa-en-el-festival-residuo-cero-y-clausura-la-exposicion-drap-art-illes-en-la-fundacio-cuixart\/#primaryimage"},"thumbnailUrl":"https:\/\/drap-art.org\/wp-content\/uploads\/2025\/03\/1742466703718.jpg","articleSection":["Noticias"],"inLanguage":"es"},{"@type":"WebPage","@id":"https:\/\/drap-art.org\/es\/noticias\/drap-art-participa-en-el-festival-residuo-cero-y-clausura-la-exposicion-drap-art-illes-en-la-fundacio-cuixart\/","url":"https:\/\/drap-art.org\/es\/noticias\/drap-art-participa-en-el-festival-residuo-cero-y-clausura-la-exposicion-drap-art-illes-en-la-fundacio-cuixart\/","name":"Drap-Art participa en el Festival Residuo Cero y clausura la exposici\u00f3n Drap-Art Illes en la Fundaci\u00f3 Cuixart - Drap-Art","isPartOf":{"@id":"https:\/\/drap-art.org\/#website"},"primaryImageOfPage":{"@id":"https:\/\/drap-art.org\/es\/noticias\/drap-art-participa-en-el-festival-residuo-cero-y-clausura-la-exposicion-drap-art-illes-en-la-fundacio-cuixart\/#primaryimage"},"image":{"@id":"https:\/\/drap-art.org\/es\/noticias\/drap-art-participa-en-el-festival-residuo-cero-y-clausura-la-exposicion-drap-art-illes-en-la-fundacio-cuixart\/#primaryimage"},"thumbnailUrl":"https:\/\/drap-art.org\/wp-content\/uploads\/2025\/03\/1742466703718.jpg","datePublished":"2025-03-21T12:14:55+00:00","dateModified":"2025-03-25T09:23:12+00:00","breadcrumb":{"@id":"https:\/\/drap-art.org\/es\/noticias\/drap-art-participa-en-el-festival-residuo-cero-y-clausura-la-exposicion-drap-art-illes-en-la-fundacio-cuixart\/#breadcrumb"},"inLanguage":"es","potentialAction":[{"@type":"ReadAction","target":["https:\/\/drap-art.org\/es\/noticias\/drap-art-participa-en-el-festival-residuo-cero-y-clausura-la-exposicion-drap-art-illes-en-la-fundacio-cuixart\/"]}]},{"@type":"ImageObject","inLanguage":"es","@id":"https:\/\/drap-art.org\/es\/noticias\/drap-art-participa-en-el-festival-residuo-cero-y-clausura-la-exposicion-drap-art-illes-en-la-fundacio-cuixart\/#primaryimage","url":"https:\/\/drap-art.org\/wp-content\/uploads\/2025\/03\/1742466703718.jpg","contentUrl":"https:\/\/drap-art.org\/wp-content\/uploads\/2025\/03\/1742466703718.jpg","width":1920,"height":1440},{"@type":"BreadcrumbList","@id":"https:\/\/drap-art.org\/es\/noticias\/drap-art-participa-en-el-festival-residuo-cero-y-clausura-la-exposicion-drap-art-illes-en-la-fundacio-cuixart\/#breadcrumb","itemListElement":[{"@type":"ListItem","position":1,"name":"Home","item":"https:\/\/drap-art.org\/es\/"},{"@type":"ListItem","position":2,"name":"Drap-Art participa en el Festival Residuo Cero y clausura la exposici\u00f3n Drap-Art Illes en la Fundaci\u00f3 Cuixart"}]},{"@type":"WebSite","@id":"https:\/\/drap-art.org\/#website","url":"https:\/\/drap-art.org\/","name":"Drap-Art","description":"Festival Internacional de Arte y Sostenibilidad","publisher":{"@id":"https:\/\/drap-art.org\/#organization"},"potentialAction":[{"@type":"SearchAction","target":{"@type":"EntryPoint","urlTemplate":"https:\/\/drap-art.org\/?s={search_term_string}"},"query-input":{"@type":"PropertyValueSpecification","valueRequired":true,"valueName":"search_term_string"}}],"inLanguage":"es"},{"@type":"Organization","@id":"https:\/\/drap-art.org\/#organization","name":"Associaci\u00f3 Drap-Art","url":"https:\/\/drap-art.org\/","logo":{"@type":"ImageObject","inLanguage":"es","@id":"https:\/\/drap-art.org\/#\/schema\/logo\/image\/","url":"https:\/\/drap-art.org\/wp-content\/uploads\/2024\/10\/logo-drapart-24.png","contentUrl":"https:\/\/drap-art.org\/wp-content\/uploads\/2024\/10\/logo-drapart-24.png","width":2157,"height":1929,"caption":"Associaci\u00f3 Drap-Art"},"image":{"@id":"https:\/\/drap-art.org\/#\/schema\/logo\/image\/"},"sameAs":["https:\/\/www.facebook.com\/drapart\/","https:\/\/x.com\/DrapArt","https:\/\/www.instagram.com\/drapart_org\/","https:\/\/www.youtube.com\/channel\/UC_FGj-k0m_HgMv_aYSN5_4Q"]},{"@type":"Person","@id":"https:\/\/drap-art.org\/#\/schema\/person\/a4e8c5a59496743d14143b477c922b84","name":"Saba","image":{"@type":"ImageObject","inLanguage":"es","@id":"https:\/\/secure.gravatar.com\/avatar\/b707dfce834a8839459e88698aa16095bf92284e349d57a96377d03ca1876104?s=96&d=mm&r=g","url":"https:\/\/secure.gravatar.com\/avatar\/b707dfce834a8839459e88698aa16095bf92284e349d57a96377d03ca1876104?s=96&d=mm&r=g","contentUrl":"https:\/\/secure.gravatar.com\/avatar\/b707dfce834a8839459e88698aa16095bf92284e349d57a96377d03ca1876104?s=96&d=mm&r=g","caption":"Saba"},"url":"https:\/\/drap-art.org\/es\/author\/saba\/"}]}},"_links":{"self":[{"href":"https:\/\/drap-art.org\/es\/wp-json\/wp\/v2\/posts\/9136","targetHints":{"allow":["GET"]}}],"collection":[{"href":"https:\/\/drap-art.org\/es\/wp-json\/wp\/v2\/posts"}],"about":[{"href":"https:\/\/drap-art.org\/es\/wp-json\/wp\/v2\/types\/post"}],"author":[{"embeddable":true,"href":"https:\/\/drap-art.org\/es\/wp-json\/wp\/v2\/users\/6"}],"replies":[{"embeddable":true,"href":"https:\/\/drap-art.org\/es\/wp-json\/wp\/v2\/comments?post=9136"}],"version-history":[{"count":3,"href":"https:\/\/drap-art.org\/es\/wp-json\/wp\/v2\/posts\/9136\/revisions"}],"predecessor-version":[{"id":9159,"href":"https:\/\/drap-art.org\/es\/wp-json\/wp\/v2\/posts\/9136\/revisions\/9159"}],"wp:featuredmedia":[{"embeddable":true,"href":"https:\/\/drap-art.org\/es\/wp-json\/wp\/v2\/media\/9142"}],"wp:attachment":[{"href":"https:\/\/drap-art.org\/es\/wp-json\/wp\/v2\/media?parent=9136"}],"wp:term":[{"taxonomy":"category","embeddable":true,"href":"https:\/\/drap-art.org\/es\/wp-json\/wp\/v2\/categories?post=9136"},{"taxonomy":"post_tag","embeddable":true,"href":"https:\/\/drap-art.org\/es\/wp-json\/wp\/v2\/tags?post=9136"}],"curies":[{"name":"wp","href":"https:\/\/api.w.org\/{rel}","templated":true}]}}