{"id":9266,"date":"2025-04-04T11:56:45","date_gmt":"2025-04-04T09:56:45","guid":{"rendered":"https:\/\/drap-art.org\/?p=9266"},"modified":"2025-04-04T17:03:54","modified_gmt":"2025-04-04T15:03:54","slug":"participa-en-la-fas-b-2025","status":"publish","type":"post","link":"https:\/\/drap-art.org\/es\/noticias\/participa-en-la-fas-b-2025\/","title":{"rendered":"Participa en la FAS-B 2025!"},"content":{"rendered":"<p class=\"\" data-start=\"1279\" data-end=\"1341\"><strong>Convocatorias abiertas para artistas, talleristas y podcasters<\/strong><\/p>\n<p class=\"\" data-start=\"262\" data-end=\"505\"><strong data-start=\"262\" data-end=\"314\">La Feria de Arte Sostenible de Barcelona (FAS-B)<\/strong> celebrar\u00e1 su <strong data-start=\"328\" data-end=\"343\">3.\u00aa edici\u00f3n<\/strong> el pr\u00f3ximo 25 de mayo de 2025, y por primera vez <strong data-start=\"373\" data-end=\"413\">Drap-Art colabora como entidad amiga<\/strong>, con un <strong data-start=\"422\" data-end=\"459\">espacio propio dentro de la feria<\/strong> y una <strong data-start=\"466\" data-end=\"504\">charla sobre arte y sostenibilidad<\/strong>.<\/p>\n<p class=\"\" data-start=\"507\" data-end=\"670\">Invitamos a toda la comunidad Drap-Art a sumarse a esta feria que une arte, sostenibilidad y transformaci\u00f3n social. Este a\u00f1o habr\u00e1 <strong data-start=\"638\" data-end=\"669\">tres convocatorias abiertas<\/strong>:<\/p>\n<ul>\n<li><strong>Feria de artistas<\/strong> \u2013 Para exponer y vender obra art\u00edstica y\/o artesan\u00eda sostenible.<\/li>\n<li><strong>Talleres<\/strong> \u2013 Para propuestas participativas y creativas dirigidas a p\u00fablico familiar o general.<\/li>\n<li><strong>Rinc\u00f3n del P\u00f3dcast<\/strong> \u2013 Para participar en el ciclo de microp\u00f3dcasts en directo con propuestas cr\u00edticas, creativas y\/o experimentales.<\/li>\n<\/ul>\n<p class=\"\" data-start=\"1004\" data-end=\"1169\">Todas las convocatorias est\u00e1n abiertas a cualquier persona interesada, y os animamos a presentar vuestra propuesta a trav\u00e9s de los formularios oficiales de la FAS-B.<\/p>\n<p class=\"\" data-start=\"1171\" data-end=\"1286\"><strong data-start=\"1171\" data-end=\"1286\">Adem\u00e1s, Drap-Art seleccionar\u00e1 internamente a 5 artistas para ocupar las mesas de su espacio dentro de la feria.<\/strong><\/p>\n<p class=\"\" data-start=\"1280\" data-end=\"1390\">\ud83d\udc49 Consulta las bases i inscr\u00edbete:<\/p>\n<p class=\"\" data-start=\"1280\" data-end=\"1390\"><a class=\"uk-button uk-button-secondary uk-button-large uk-icon-link\" href=\"https:\/\/linktr.ee\/fasb.bcn?fbclid=PAZXh0bgNhZW0CMTEAAaYx2PZ8eEhsc1i9Z4_oNsPrBmLla7ga0XvowqLehwush5NpdETKbfDLu6E_aem_2g57WuPpfgUH4Rzu0ObzJA\">Bases de las convocatorias y formularios<\/a><\/p>\n<p class=\"\" data-start=\"2236\" data-end=\"2329\">Las plazas son limitadas. \u00a1No te quedes fuera!<\/p>\n","protected":false},"excerpt":{"rendered":"<p>Convocatorias abiertas para artistas, talleristas y podcasters La Feria de Arte Sostenible de Barcelona (FAS-B) celebrar\u00e1 su 3.\u00aa edici\u00f3n el pr\u00f3ximo 25 de mayo de 2025, y por primera vez [&hellip;]<\/p>\n","protected":false},"author":6,"featured_media":9262,"comment_status":"closed","ping_status":"closed","sticky":false,"template":"","format":"standard","meta":{"footnotes":""},"categories":[150],"tags":[],"class_list":["post-9266","post","type-post","status-publish","format-standard","has-post-thumbnail","hentry","category-noticias"],"acf":[],"yoast_head":"<!-- This site is optimized with the Yoast SEO plugin v27.4 - https:\/\/yoast.com\/product\/yoast-seo-wordpress\/ -->\n<title>Participa en la FAS-B 2025! - Drap-Art<\/title>\n<meta name=\"robots\" content=\"index, follow, max-snippet:-1, max-image-preview:large, max-video-preview:-1\" \/>\n<link rel=\"canonical\" href=\"https:\/\/drap-art.org\/es\/noticias\/participa-en-la-fas-b-2025\/\" \/>\n<meta name=\"twitter:label1\" content=\"Escrito por\" \/>\n\t<meta name=\"twitter:data1\" content=\"Saba\" \/>\n\t<meta name=\"twitter:label2\" content=\"Tiempo de lectura\" \/>\n\t<meta name=\"twitter:data2\" content=\"1 minuto\" \/>\n<!-- \/ Yoast SEO plugin. -->","yoast_head_json":{"title":"Participa en la FAS-B 2025! - Drap-Art","robots":{"index":"index","follow":"follow","max-snippet":"max-snippet:-1","max-image-preview":"max-image-preview:large","max-video-preview":"max-video-preview:-1"},"canonical":"https:\/\/drap-art.org\/es\/noticias\/participa-en-la-fas-b-2025\/","twitter_misc":{"Escrito por":"Saba","Tiempo de lectura":"1 minuto"},"schema":{"@context":"https:\/\/schema.org","@graph":[{"@type":"Article","@id":"https:\/\/drap-art.org\/es\/noticias\/participa-en-la-fas-b-2025\/#article","isPartOf":{"@id":"https:\/\/drap-art.org\/es\/noticias\/participa-en-la-fas-b-2025\/"},"author":{"name":"Saba","@id":"https:\/\/drap-art.org\/#\/schema\/person\/a4e8c5a59496743d14143b477c922b84"},"headline":"Participa en la FAS-B 2025!","datePublished":"2025-04-04T09:56:45+00:00","dateModified":"2025-04-04T15:03:54+00:00","mainEntityOfPage":{"@id":"https:\/\/drap-art.org\/es\/noticias\/participa-en-la-fas-b-2025\/"},"wordCount":195,"publisher":{"@id":"https:\/\/drap-art.org\/#organization"},"image":{"@id":"https:\/\/drap-art.org\/es\/noticias\/participa-en-la-fas-b-2025\/#primaryimage"},"thumbnailUrl":"https:\/\/drap-art.org\/wp-content\/uploads\/2025\/04\/CONVOCATORIA_FASB-III-edicio.jpg","articleSection":["Noticias"],"inLanguage":"es"},{"@type":"WebPage","@id":"https:\/\/drap-art.org\/es\/noticias\/participa-en-la-fas-b-2025\/","url":"https:\/\/drap-art.org\/es\/noticias\/participa-en-la-fas-b-2025\/","name":"Participa en la FAS-B 2025! - Drap-Art","isPartOf":{"@id":"https:\/\/drap-art.org\/#website"},"primaryImageOfPage":{"@id":"https:\/\/drap-art.org\/es\/noticias\/participa-en-la-fas-b-2025\/#primaryimage"},"image":{"@id":"https:\/\/drap-art.org\/es\/noticias\/participa-en-la-fas-b-2025\/#primaryimage"},"thumbnailUrl":"https:\/\/drap-art.org\/wp-content\/uploads\/2025\/04\/CONVOCATORIA_FASB-III-edicio.jpg","datePublished":"2025-04-04T09:56:45+00:00","dateModified":"2025-04-04T15:03:54+00:00","breadcrumb":{"@id":"https:\/\/drap-art.org\/es\/noticias\/participa-en-la-fas-b-2025\/#breadcrumb"},"inLanguage":"es","potentialAction":[{"@type":"ReadAction","target":["https:\/\/drap-art.org\/es\/noticias\/participa-en-la-fas-b-2025\/"]}]},{"@type":"ImageObject","inLanguage":"es","@id":"https:\/\/drap-art.org\/es\/noticias\/participa-en-la-fas-b-2025\/#primaryimage","url":"https:\/\/drap-art.org\/wp-content\/uploads\/2025\/04\/CONVOCATORIA_FASB-III-edicio.jpg","contentUrl":"https:\/\/drap-art.org\/wp-content\/uploads\/2025\/04\/CONVOCATORIA_FASB-III-edicio.jpg","width":1500,"height":1875},{"@type":"BreadcrumbList","@id":"https:\/\/drap-art.org\/es\/noticias\/participa-en-la-fas-b-2025\/#breadcrumb","itemListElement":[{"@type":"ListItem","position":1,"name":"Home","item":"https:\/\/drap-art.org\/es\/"},{"@type":"ListItem","position":2,"name":"Participa en la FAS-B 2025!"}]},{"@type":"WebSite","@id":"https:\/\/drap-art.org\/#website","url":"https:\/\/drap-art.org\/","name":"Drap-Art","description":"Festival Internacional de Arte y Sostenibilidad","publisher":{"@id":"https:\/\/drap-art.org\/#organization"},"potentialAction":[{"@type":"SearchAction","target":{"@type":"EntryPoint","urlTemplate":"https:\/\/drap-art.org\/?s={search_term_string}"},"query-input":{"@type":"PropertyValueSpecification","valueRequired":true,"valueName":"search_term_string"}}],"inLanguage":"es"},{"@type":"Organization","@id":"https:\/\/drap-art.org\/#organization","name":"Associaci\u00f3 Drap-Art","url":"https:\/\/drap-art.org\/","logo":{"@type":"ImageObject","inLanguage":"es","@id":"https:\/\/drap-art.org\/#\/schema\/logo\/image\/","url":"https:\/\/drap-art.org\/wp-content\/uploads\/2024\/10\/logo-drapart-24.png","contentUrl":"https:\/\/drap-art.org\/wp-content\/uploads\/2024\/10\/logo-drapart-24.png","width":2157,"height":1929,"caption":"Associaci\u00f3 Drap-Art"},"image":{"@id":"https:\/\/drap-art.org\/#\/schema\/logo\/image\/"},"sameAs":["https:\/\/www.facebook.com\/drapart\/","https:\/\/x.com\/DrapArt","https:\/\/www.instagram.com\/drapart_org\/","https:\/\/www.youtube.com\/channel\/UC_FGj-k0m_HgMv_aYSN5_4Q"]},{"@type":"Person","@id":"https:\/\/drap-art.org\/#\/schema\/person\/a4e8c5a59496743d14143b477c922b84","name":"Saba","image":{"@type":"ImageObject","inLanguage":"es","@id":"https:\/\/secure.gravatar.com\/avatar\/b707dfce834a8839459e88698aa16095bf92284e349d57a96377d03ca1876104?s=96&d=mm&r=g","url":"https:\/\/secure.gravatar.com\/avatar\/b707dfce834a8839459e88698aa16095bf92284e349d57a96377d03ca1876104?s=96&d=mm&r=g","contentUrl":"https:\/\/secure.gravatar.com\/avatar\/b707dfce834a8839459e88698aa16095bf92284e349d57a96377d03ca1876104?s=96&d=mm&r=g","caption":"Saba"},"url":"https:\/\/drap-art.org\/es\/author\/saba\/"}]}},"_links":{"self":[{"href":"https:\/\/drap-art.org\/es\/wp-json\/wp\/v2\/posts\/9266","targetHints":{"allow":["GET"]}}],"collection":[{"href":"https:\/\/drap-art.org\/es\/wp-json\/wp\/v2\/posts"}],"about":[{"href":"https:\/\/drap-art.org\/es\/wp-json\/wp\/v2\/types\/post"}],"author":[{"embeddable":true,"href":"https:\/\/drap-art.org\/es\/wp-json\/wp\/v2\/users\/6"}],"replies":[{"embeddable":true,"href":"https:\/\/drap-art.org\/es\/wp-json\/wp\/v2\/comments?post=9266"}],"version-history":[{"count":3,"href":"https:\/\/drap-art.org\/es\/wp-json\/wp\/v2\/posts\/9266\/revisions"}],"predecessor-version":[{"id":9297,"href":"https:\/\/drap-art.org\/es\/wp-json\/wp\/v2\/posts\/9266\/revisions\/9297"}],"wp:featuredmedia":[{"embeddable":true,"href":"https:\/\/drap-art.org\/es\/wp-json\/wp\/v2\/media\/9262"}],"wp:attachment":[{"href":"https:\/\/drap-art.org\/es\/wp-json\/wp\/v2\/media?parent=9266"}],"wp:term":[{"taxonomy":"category","embeddable":true,"href":"https:\/\/drap-art.org\/es\/wp-json\/wp\/v2\/categories?post=9266"},{"taxonomy":"post_tag","embeddable":true,"href":"https:\/\/drap-art.org\/es\/wp-json\/wp\/v2\/tags?post=9266"}],"curies":[{"name":"wp","href":"https:\/\/api.w.org\/{rel}","templated":true}]}}