{"id":9447,"date":"2025-04-09T12:20:07","date_gmt":"2025-04-09T10:20:07","guid":{"rendered":"https:\/\/drap-art.org\/?p=9447"},"modified":"2025-04-10T12:25:49","modified_gmt":"2025-04-10T10:25:49","slug":"drap-art-se-une-al-barcino-art-map","status":"publish","type":"post","link":"https:\/\/drap-art.org\/es\/noticias\/drap-art-se-une-al-barcino-art-map\/","title":{"rendered":"Drap-Art se une al Barcino Art Map!"},"content":{"rendered":"<p class=\"\" data-start=\"27\" data-end=\"414\">La nueva iniciativa Barcino Art Map, que re\u00fane 16 talleres y galer\u00edas instalados dentro de la antigua muralla romana de Barcelona, ha incorporado a Drap-Art como entidad amiga. Este proyecto busca resaltar la riqueza cultural del G\u00f3tico y ofrecer un recorrido art\u00edstico \u00fanico para barceloneses y visitantes, apostando por un turismo urbano que combine historia y expresi\u00f3n contempor\u00e1nea.<\/p>\n<p class=\"\" data-start=\"416\" data-end=\"470\">Entre los espacios que forman parte del mapa destacan:<\/p>\n<ol>\n<li style=\"list-style-type: none;\">\n<ol>\n<li class=\"\" data-start=\"473\" data-end=\"562\">\n<p class=\"\" data-start=\"475\" data-end=\"562\"><strong data-start=\"475\" data-end=\"502\">Alejandro Miras Atelier<\/strong> \u2013 <a class=\"\" href=\"http:\/\/www.alejandromiras.com\" target=\"_new\" rel=\"noopener\" data-start=\"505\" data-end=\"560\">www.alejandromiras.com<\/a><\/p>\n<\/li>\n<li class=\"\" data-start=\"563\" data-end=\"636\">\n<p class=\"\" data-start=\"565\" data-end=\"636\"><strong data-start=\"565\" data-end=\"592\">Jaume Tenes Art Gallery<\/strong> \u2013 <a class=\"\" href=\"http:\/\/jaumetenes.com\" target=\"_new\" rel=\"noopener\" data-start=\"595\" data-end=\"634\">jaumetenes.com<\/a><\/p>\n<\/li>\n<li class=\"\" data-start=\"637\" data-end=\"708\">\n<p class=\"\" data-start=\"639\" data-end=\"708\"><strong data-start=\"639\" data-end=\"660\">Javier Blanco Art<\/strong> \u2013 <a class=\"\" href=\"http:\/\/javierblanco.art\" target=\"_new\" rel=\"noopener\" data-start=\"663\" data-end=\"706\">javierblanco.art<\/a><\/p>\n<\/li>\n<li class=\"\" data-start=\"709\" data-end=\"789\">\n<p class=\"\" data-start=\"711\" data-end=\"789\"><strong data-start=\"711\" data-end=\"733\">Blue Frame Gallery<\/strong> \u2013 <a class=\"\" href=\"http:\/\/blueframegallery.com\" target=\"_new\" rel=\"noopener\" data-start=\"736\" data-end=\"787\">blueframegallery.com<\/a><\/p>\n<\/li>\n<li class=\"\" data-start=\"790\" data-end=\"869\">\n<p class=\"\" data-start=\"792\" data-end=\"869\"><strong data-start=\"792\" data-end=\"811\">Ciutat7 Gallery<\/strong> \u2013 <a class=\"\" href=\"http:\/\/larakolabarcelona.com\" target=\"_new\" rel=\"noopener\" data-start=\"814\" data-end=\"867\">larakolabarcelona.com<\/a><\/p>\n<\/li>\n<li class=\"\" data-start=\"870\" data-end=\"949\">\n<p class=\"\" data-start=\"872\" data-end=\"949\"><strong data-start=\"872\" data-end=\"899\">Montalbetti Art Gallery<\/strong> \u2013 <a class=\"\" href=\"http:\/\/mgmontalbetti.com\" target=\"_new\" rel=\"noopener\" data-start=\"902\" data-end=\"947\">mgmontalbetti.com<\/a><\/p>\n<\/li>\n<li class=\"\" data-start=\"950\" data-end=\"1033\">\n<p class=\"\" data-start=\"952\" data-end=\"1033\"><strong data-start=\"952\" data-end=\"969\">Peio Quin Art<\/strong> \u2013 <a class=\"\" href=\"http:\/\/peioquintana.mozello.com\" target=\"_new\" rel=\"noopener\" data-start=\"972\" data-end=\"1031\">peioquintana.mozello.com<\/a><\/p>\n<\/li>\n<li class=\"\" data-start=\"1034\" data-end=\"1094\">\n<p class=\"\" data-start=\"1036\" data-end=\"1094\"><strong data-start=\"1036\" data-end=\"1050\">Barcel-one<\/strong> \u2013 <a class=\"\" href=\"http:\/\/barcel-one.com\" target=\"_new\" rel=\"noopener\" data-start=\"1053\" data-end=\"1092\">barcel-one.com<\/a><\/p>\n<\/li>\n<li class=\"\" data-start=\"1095\" data-end=\"1180\">\n<p class=\"\" data-start=\"1097\" data-end=\"1180\"><strong data-start=\"1097\" data-end=\"1134\">Metal&amp;Co Gallery Studio<\/strong><\/p>\n<\/li>\n<li class=\"\" data-start=\"1095\" data-end=\"1180\">\n<p class=\"\" data-start=\"1097\" data-end=\"1180\"><strong data-start=\"1097\" data-end=\"1134\">Torre 27<\/strong> \u2013 <a class=\"\" href=\"http:\/\/martadarder.com\" target=\"_new\" rel=\"noopener\" data-start=\"1137\" data-end=\"1178\">martadarder.com<\/a><\/p>\n<\/li>\n<li class=\"\" data-start=\"1181\" data-end=\"1256\">\n<p class=\"\" data-start=\"1183\" data-end=\"1256\"><strong data-start=\"1183\" data-end=\"1214\">Fran\u00e7ois Darras<\/strong><\/p>\n<\/li>\n<li class=\"\" data-start=\"1181\" data-end=\"1256\">\n<p class=\"\" data-start=\"1183\" data-end=\"1256\"><strong data-start=\"1183\" data-end=\"1214\">Gallery C6<\/strong> \u2013 <a class=\"\" href=\"http:\/\/galleryc6.com\" target=\"_new\" rel=\"noopener\" data-start=\"1217\" data-end=\"1254\">galleryc6.com<\/a><\/p>\n<\/li>\n<li class=\"\" data-start=\"1257\" data-end=\"1339\">\n<p class=\"\" data-start=\"1259\" data-end=\"1339\"><strong data-start=\"1259\" data-end=\"1275\">Port Gallery<\/strong> \u2013 <a class=\"\" href=\"http:\/\/portgallerybarcelona.com\" target=\"_new\" rel=\"noopener\" data-start=\"1278\" data-end=\"1337\">portgallerybarcelona.com<\/a><\/p>\n<\/li>\n<li class=\"\" data-start=\"1257\" data-end=\"1339\">\n<p class=\"\" data-start=\"1259\" data-end=\"1339\"><strong data-start=\"1259\" data-end=\"1275\">Drap-Art Gallery<\/strong> \u2013 <a class=\"\" href=\"http:\/\/drap-art.org\" target=\"_new\" rel=\"noopener\" data-start=\"1278\" data-end=\"1337\">drap-art.org<\/a><\/p>\n<\/li>\n<li class=\"\" data-start=\"1257\" data-end=\"1339\">\n<p class=\"\" data-start=\"1259\" data-end=\"1339\"><strong data-start=\"1342\" data-end=\"1359\">Base Elements<\/strong> \u2013 <a class=\"\" href=\"http:\/\/baseelements.net\" target=\"_new\" rel=\"noopener\" data-start=\"1362\" data-end=\"1405\">baseelements.net<\/a><\/p>\n<\/li>\n<li class=\"\" data-start=\"1257\" data-end=\"1339\">\n<p class=\"\" data-start=\"1259\" data-end=\"1339\"><strong data-start=\"1410\" data-end=\"1418\">PAAM<\/strong> \u2013 <a class=\"\" href=\"http:\/\/paam-project.com\" target=\"_new\" rel=\"noopener\" data-start=\"1421\" data-end=\"1464\">paam-project.com<\/a><\/p>\n<\/li>\n<\/ol>\n<\/li>\n<\/ol>\n<article class=\"text-token-text-primary w-full\" dir=\"auto\" data-testid=\"conversation-turn-6\" data-scroll-anchor=\"true\">\n<div class=\"text-base my-auto mx-auto py-5 [--thread-content-margin:--spacing(4)] @[37rem]:[--thread-content-margin:--spacing(6)] @[70rem]:[--thread-content-margin:--spacing(12)] px-(--thread-content-margin)\">\n<div class=\"[--thread-content-max-width:32rem] @[34rem]:[--thread-content-max-width:40rem] @[64rem]:[--thread-content-max-width:48rem] mx-auto flex max-w-(--thread-content-max-width) flex-1 text-base gap-4 md:gap-5 lg:gap-6 group\/turn-messages focus-visible:outline-hidden\" tabindex=\"-1\">\n<div class=\"group\/conversation-turn relative flex w-full min-w-0 flex-col agent-turn\">\n<div class=\"relative flex-col gap-1 md:gap-3\">\n<div class=\"flex max-w-full flex-col grow\">\n<div class=\"min-h-8 text-message relative flex w-full flex-col items-end gap-2 text-start break-words whitespace-normal [.text-message+&amp;]:mt-5\" dir=\"auto\" data-message-author-role=\"assistant\" data-message-id=\"9479050f-d0eb-4d53-972f-ea8f3bcb0bc0\" data-message-model-slug=\"o3-mini-high\">\n<div class=\"flex w-full flex-col gap-1 empty:hidden first:pt-[3px]\">\n<div class=\"markdown prose dark:prose-invert w-full break-words light\">\n<p class=\"\" data-start=\"1466\" data-end=\"1787\">Con esta integraci\u00f3n, Drap-Art reafirma su compromiso con el arte sostenible y enriquece el tejido cultural de Barcelona. La colaboraci\u00f3n con el Barcino Art Map abre nuevas oportunidades para conocer los espacios art\u00edsticos del G\u00f3tico, generando una plataforma din\u00e1mica que une tradici\u00f3n e innovaci\u00f3n en el coraz\u00f3n de la ciudad.<\/p>\n<\/div>\n<\/div>\n<\/div>\n<\/div>\n<\/div>\n<\/div>\n<\/div>\n<\/div>\n<\/article>\n","protected":false},"excerpt":{"rendered":"<p>La nueva iniciativa Barcino Art Map, que re\u00fane 16 talleres y galer\u00edas instalados dentro de la antigua muralla romana de Barcelona, ha incorporado a Drap-Art como entidad amiga. Este proyecto [&hellip;]<\/p>\n","protected":false},"author":6,"featured_media":9442,"comment_status":"closed","ping_status":"closed","sticky":false,"template":"","format":"standard","meta":{"footnotes":""},"categories":[150],"tags":[],"class_list":["post-9447","post","type-post","status-publish","format-standard","has-post-thumbnail","hentry","category-noticias"],"acf":[],"yoast_head":"<!-- This site is optimized with the Yoast SEO plugin v27.4 - https:\/\/yoast.com\/product\/yoast-seo-wordpress\/ -->\n<title>Drap-Art se une al Barcino Art Map! - Drap-Art<\/title>\n<meta name=\"robots\" content=\"index, follow, max-snippet:-1, max-image-preview:large, max-video-preview:-1\" \/>\n<link rel=\"canonical\" href=\"https:\/\/drap-art.org\/es\/noticias\/drap-art-se-une-al-barcino-art-map\/\" \/>\n<meta name=\"twitter:label1\" content=\"Escrito por\" \/>\n\t<meta name=\"twitter:data1\" content=\"Saba\" \/>\n\t<meta name=\"twitter:label2\" content=\"Tiempo de lectura\" \/>\n\t<meta name=\"twitter:data2\" content=\"1 minuto\" \/>\n<!-- \/ Yoast SEO plugin. -->","yoast_head_json":{"title":"Drap-Art se une al Barcino Art Map! - Drap-Art","robots":{"index":"index","follow":"follow","max-snippet":"max-snippet:-1","max-image-preview":"max-image-preview:large","max-video-preview":"max-video-preview:-1"},"canonical":"https:\/\/drap-art.org\/es\/noticias\/drap-art-se-une-al-barcino-art-map\/","twitter_misc":{"Escrito por":"Saba","Tiempo de lectura":"1 minuto"},"schema":{"@context":"https:\/\/schema.org","@graph":[{"@type":"Article","@id":"https:\/\/drap-art.org\/es\/noticias\/drap-art-se-une-al-barcino-art-map\/#article","isPartOf":{"@id":"https:\/\/drap-art.org\/es\/noticias\/drap-art-se-une-al-barcino-art-map\/"},"author":{"name":"Saba","@id":"https:\/\/drap-art.org\/#\/schema\/person\/a4e8c5a59496743d14143b477c922b84"},"headline":"Drap-Art se une al Barcino Art Map!","datePublished":"2025-04-09T10:20:07+00:00","dateModified":"2025-04-10T10:25:49+00:00","mainEntityOfPage":{"@id":"https:\/\/drap-art.org\/es\/noticias\/drap-art-se-une-al-barcino-art-map\/"},"wordCount":207,"publisher":{"@id":"https:\/\/drap-art.org\/#organization"},"image":{"@id":"https:\/\/drap-art.org\/es\/noticias\/drap-art-se-une-al-barcino-art-map\/#primaryimage"},"thumbnailUrl":"https:\/\/drap-art.org\/wp-content\/uploads\/2025\/04\/barcino-map012-1.png","articleSection":["Noticias"],"inLanguage":"es"},{"@type":"WebPage","@id":"https:\/\/drap-art.org\/es\/noticias\/drap-art-se-une-al-barcino-art-map\/","url":"https:\/\/drap-art.org\/es\/noticias\/drap-art-se-une-al-barcino-art-map\/","name":"Drap-Art se une al Barcino Art Map! - Drap-Art","isPartOf":{"@id":"https:\/\/drap-art.org\/#website"},"primaryImageOfPage":{"@id":"https:\/\/drap-art.org\/es\/noticias\/drap-art-se-une-al-barcino-art-map\/#primaryimage"},"image":{"@id":"https:\/\/drap-art.org\/es\/noticias\/drap-art-se-une-al-barcino-art-map\/#primaryimage"},"thumbnailUrl":"https:\/\/drap-art.org\/wp-content\/uploads\/2025\/04\/barcino-map012-1.png","datePublished":"2025-04-09T10:20:07+00:00","dateModified":"2025-04-10T10:25:49+00:00","breadcrumb":{"@id":"https:\/\/drap-art.org\/es\/noticias\/drap-art-se-une-al-barcino-art-map\/#breadcrumb"},"inLanguage":"es","potentialAction":[{"@type":"ReadAction","target":["https:\/\/drap-art.org\/es\/noticias\/drap-art-se-une-al-barcino-art-map\/"]}]},{"@type":"ImageObject","inLanguage":"es","@id":"https:\/\/drap-art.org\/es\/noticias\/drap-art-se-une-al-barcino-art-map\/#primaryimage","url":"https:\/\/drap-art.org\/wp-content\/uploads\/2025\/04\/barcino-map012-1.png","contentUrl":"https:\/\/drap-art.org\/wp-content\/uploads\/2025\/04\/barcino-map012-1.png","width":1500,"height":1619},{"@type":"BreadcrumbList","@id":"https:\/\/drap-art.org\/es\/noticias\/drap-art-se-une-al-barcino-art-map\/#breadcrumb","itemListElement":[{"@type":"ListItem","position":1,"name":"Home","item":"https:\/\/drap-art.org\/es\/"},{"@type":"ListItem","position":2,"name":"Drap-Art se une al Barcino Art Map!"}]},{"@type":"WebSite","@id":"https:\/\/drap-art.org\/#website","url":"https:\/\/drap-art.org\/","name":"Drap-Art","description":"Festival Internacional de Arte y Sostenibilidad","publisher":{"@id":"https:\/\/drap-art.org\/#organization"},"potentialAction":[{"@type":"SearchAction","target":{"@type":"EntryPoint","urlTemplate":"https:\/\/drap-art.org\/?s={search_term_string}"},"query-input":{"@type":"PropertyValueSpecification","valueRequired":true,"valueName":"search_term_string"}}],"inLanguage":"es"},{"@type":"Organization","@id":"https:\/\/drap-art.org\/#organization","name":"Associaci\u00f3 Drap-Art","url":"https:\/\/drap-art.org\/","logo":{"@type":"ImageObject","inLanguage":"es","@id":"https:\/\/drap-art.org\/#\/schema\/logo\/image\/","url":"https:\/\/drap-art.org\/wp-content\/uploads\/2024\/10\/logo-drapart-24.png","contentUrl":"https:\/\/drap-art.org\/wp-content\/uploads\/2024\/10\/logo-drapart-24.png","width":2157,"height":1929,"caption":"Associaci\u00f3 Drap-Art"},"image":{"@id":"https:\/\/drap-art.org\/#\/schema\/logo\/image\/"},"sameAs":["https:\/\/www.facebook.com\/drapart\/","https:\/\/x.com\/DrapArt","https:\/\/www.instagram.com\/drapart_org\/","https:\/\/www.youtube.com\/channel\/UC_FGj-k0m_HgMv_aYSN5_4Q"]},{"@type":"Person","@id":"https:\/\/drap-art.org\/#\/schema\/person\/a4e8c5a59496743d14143b477c922b84","name":"Saba","image":{"@type":"ImageObject","inLanguage":"es","@id":"https:\/\/secure.gravatar.com\/avatar\/b707dfce834a8839459e88698aa16095bf92284e349d57a96377d03ca1876104?s=96&d=mm&r=g","url":"https:\/\/secure.gravatar.com\/avatar\/b707dfce834a8839459e88698aa16095bf92284e349d57a96377d03ca1876104?s=96&d=mm&r=g","contentUrl":"https:\/\/secure.gravatar.com\/avatar\/b707dfce834a8839459e88698aa16095bf92284e349d57a96377d03ca1876104?s=96&d=mm&r=g","caption":"Saba"},"url":"https:\/\/drap-art.org\/es\/author\/saba\/"}]}},"_links":{"self":[{"href":"https:\/\/drap-art.org\/es\/wp-json\/wp\/v2\/posts\/9447","targetHints":{"allow":["GET"]}}],"collection":[{"href":"https:\/\/drap-art.org\/es\/wp-json\/wp\/v2\/posts"}],"about":[{"href":"https:\/\/drap-art.org\/es\/wp-json\/wp\/v2\/types\/post"}],"author":[{"embeddable":true,"href":"https:\/\/drap-art.org\/es\/wp-json\/wp\/v2\/users\/6"}],"replies":[{"embeddable":true,"href":"https:\/\/drap-art.org\/es\/wp-json\/wp\/v2\/comments?post=9447"}],"version-history":[{"count":3,"href":"https:\/\/drap-art.org\/es\/wp-json\/wp\/v2\/posts\/9447\/revisions"}],"predecessor-version":[{"id":9480,"href":"https:\/\/drap-art.org\/es\/wp-json\/wp\/v2\/posts\/9447\/revisions\/9480"}],"wp:featuredmedia":[{"embeddable":true,"href":"https:\/\/drap-art.org\/es\/wp-json\/wp\/v2\/media\/9442"}],"wp:attachment":[{"href":"https:\/\/drap-art.org\/es\/wp-json\/wp\/v2\/media?parent=9447"}],"wp:term":[{"taxonomy":"category","embeddable":true,"href":"https:\/\/drap-art.org\/es\/wp-json\/wp\/v2\/categories?post=9447"},{"taxonomy":"post_tag","embeddable":true,"href":"https:\/\/drap-art.org\/es\/wp-json\/wp\/v2\/tags?post=9447"}],"curies":[{"name":"wp","href":"https:\/\/api.w.org\/{rel}","templated":true}]}}